{"id":2467,"date":"2024-05-17T13:30:00","date_gmt":"2024-05-17T11:30:00","guid":{"rendered":"https:\/\/sunuentreprise.sn\/?p=2467"},"modified":"2024-05-17T13:30:35","modified_gmt":"2024-05-17T11:30:35","slug":"campagne-de-commercialisation-des-noix-de-cajou-les-acteurs-listent-leurs-inquietudes","status":"publish","type":"post","link":"https:\/\/sunuentreprise.sn\/index.php\/2024\/05\/17\/campagne-de-commercialisation-des-noix-de-cajou-les-acteurs-listent-leurs-inquietudes\/","title":{"rendered":"Campagne de commercialisation de la noix de cajou : Les acteurs listent leurs inqui\u00e9tudes"},"content":{"rendered":"\n<p>La campagne de commercialisation de la noix de cajou est lanc\u00e9e. Ce mercredi 15 mai 2024, les acteurs se sont r\u00e9unis \u00e0 Ziguinchor \u00e0 l\u2019occasion de la c\u00e9l\u00e9bration de la deuxi\u00e8me \u00e9dition de la Journ\u00e9e du cajou. Cette rencontre a permis aux acteurs de souligner les difficult\u00e9s auxquelles ils font face.<\/p>\n\n\n\n<p>L\u2019acc\u00e8s au financement et la faible production de cette ann\u00e9e sont les probl\u00e8mes majeurs que la fili\u00e8re rencontre.<\/p>\n\n\n\n<p>Boubacar Konta, le pr\u00e9sident de l\u2019Interprofession cajou du S\u00e9n\u00e9gal, s\u2019alarme&nbsp;: \u00abNous sommes dans une ann\u00e9e o\u00f9 la production n\u2019est pas tellement au rendez-vous. L\u2019organisation de la fili\u00e8re pose un probl\u00e8me. Il n\u2019y a pas une politique claire sur la commercialisation. Toute chose qui nous pousse, nous les acteurs, \u00e0 agiter de r\u00e9elles inqui\u00e9tudes&nbsp;\u00bb.<\/p>\n\n\n\n<p>Selon le pr\u00e9sident de l\u2019interprofession cajou du S\u00e9n\u00e9gal, le prix risque d\u2019\u00eatre insoutenable \u00a0\u00e0\u00a0 cause du contexte actuel et un syst\u00e8me de r\u00e9gulation du secteur de l\u2019anacarde devrait s\u2019imposer. <\/p>\n\n\n\n<p>A cet effet, Boubacar Konta interpelle l\u2019Etat du S\u00e9n\u00e9gal pour une mise en place de strat\u00e9gies permettant aux transformateurs, avec leurs maigres moyens, de faire la transformation locale afin que les S\u00e9n\u00e9galais puissent b\u00e9n\u00e9ficier de la valeur ajout\u00e9e<\/p>\n","protected":false},"excerpt":{"rendered":"<p>La campagne de commercialisation de la noix de cajou<\/p>\n","protected":false},"author":1,"featured_media":2468,"comment_status":"open","ping_status":"open","sticky":true,"template":"","format":"standard","meta":{"footnotes":""},"categories":[13],"tags":[27,23,24,26,25],"class_list":["post-2467","post","type-post","status-publish","format-standard","has-post-thumbnail","hentry","category-a-la-une","tag-acteurs","tag-campagne","tag-commercialisation","tag-inquietudes","tag-noix-de-cajou"],"_links":{"self":[{"href":"https:\/\/sunuentreprise.sn\/index.php\/wp-json\/wp\/v2\/posts\/2467","targetHints":{"allow":["GET"]}}],"collection":[{"href":"https:\/\/sunuentreprise.sn\/index.php\/wp-json\/wp\/v2\/posts"}],"about":[{"href":"https:\/\/sunuentreprise.sn\/index.php\/wp-json\/wp\/v2\/types\/post"}],"author":[{"embeddable":true,"href":"https:\/\/sunuentreprise.sn\/index.php\/wp-json\/wp\/v2\/users\/1"}],"replies":[{"embeddable":true,"href":"https:\/\/sunuentreprise.sn\/index.php\/wp-json\/wp\/v2\/comments?post=2467"}],"version-history":[{"count":2,"href":"https:\/\/sunuentreprise.sn\/index.php\/wp-json\/wp\/v2\/posts\/2467\/revisions"}],"predecessor-version":[{"id":2470,"href":"https:\/\/sunuentreprise.sn\/index.php\/wp-json\/wp\/v2\/posts\/2467\/revisions\/2470"}],"wp:featuredmedia":[{"embeddable":true,"href":"https:\/\/sunuentreprise.sn\/index.php\/wp-json\/wp\/v2\/media\/2468"}],"wp:attachment":[{"href":"https:\/\/sunuentreprise.sn\/index.php\/wp-json\/wp\/v2\/media?parent=2467"}],"wp:term":[{"taxonomy":"category","embeddable":true,"href":"https:\/\/sunuentreprise.sn\/index.php\/wp-json\/wp\/v2\/categories?post=2467"},{"taxonomy":"post_tag","embeddable":true,"href":"https:\/\/sunuentreprise.sn\/index.php\/wp-json\/wp\/v2\/tags?post=2467"}],"curies":[{"name":"wp","href":"https:\/\/api.w.org\/{rel}","templated":true}]}}