{"id":2502,"date":"2024-05-28T00:45:11","date_gmt":"2024-05-27T22:45:11","guid":{"rendered":"https:\/\/sunuentreprise.sn\/?p=2502"},"modified":"2024-05-28T16:56:07","modified_gmt":"2024-05-28T14:56:07","slug":"relation-suisse-senegal-lambassadeur-suisse-ivo-germann-saligne-avec-les-orientations-du-nouveau-gouvernement","status":"publish","type":"post","link":"https:\/\/sunuentreprise.sn\/index.php\/2024\/05\/28\/relation-suisse-senegal-lambassadeur-suisse-ivo-germann-saligne-avec-les-orientations-du-nouveau-gouvernement\/","title":{"rendered":"Relation Suisse\/S\u00e9n\u00e9gal : L&rsquo;ambassadeur Suisse, Ivo Germann s&rsquo;aligne avec les orientations du nouveau gouvernement"},"content":{"rendered":"\n<p><br>L\u2019Ambassadeur de\u00a0 Suisse au S\u00e9n\u00e9gal, Ivo Germann a affirm\u00e9 que le S\u00e9n\u00e9gal a export\u00e9 vers la Suisse un volume de pr\u00e8s de 362.7 milliards de FCFA  , et les importations \u00e9quivalent \u00e0 un volume d\u2019environ 16.3 milliards de FCFA  . L&rsquo;annonce a \u00e9t\u00e9 faite ce lundi 27 mai \u00e0\u00a0 l&rsquo;occasion de la r\u00e9union de la mission \u00e9conomique suisse avec le minist\u00e8re de l&rsquo;Industrie et du Commerce.<\/p>\n\n\n\n<figure class=\"wp-block-image size-large\"><img loading=\"lazy\" decoding=\"async\" width=\"1024\" height=\"682\" src=\"http:\/\/sunuentreprise.sn\/wp-content\/uploads\/2024\/05\/IMG-20240527-WA0042-1024x682.jpg\" alt=\"\" class=\"wp-image-2503\" srcset=\"https:\/\/sunuentreprise.sn\/wp-content\/uploads\/2024\/05\/IMG-20240527-WA0042-1024x682.jpg 1024w, https:\/\/sunuentreprise.sn\/wp-content\/uploads\/2024\/05\/IMG-20240527-WA0042-300x200.jpg 300w, https:\/\/sunuentreprise.sn\/wp-content\/uploads\/2024\/05\/IMG-20240527-WA0042-768x512.jpg 768w, https:\/\/sunuentreprise.sn\/wp-content\/uploads\/2024\/05\/IMG-20240527-WA0042-1536x1024.jpg 1536w, https:\/\/sunuentreprise.sn\/wp-content\/uploads\/2024\/05\/IMG-20240527-WA0042-2048x1365.jpg 2048w\" sizes=\"auto, (max-width: 1024px) 100vw, 1024px\" \/><\/figure>\n\n\n\n<p><br>Avec le S\u00e9n\u00e9gal, la Suisse compte multiplier ses actions en \u00e9largissant et en apportant une diversit\u00e9 dans leurs relations \u00e9conomiques et commerciales.<br>Consid\u00e9rant que le S\u00e9n\u00e9gal est l&rsquo;un&nbsp; des pays africains \u00e0 fort potentiel \u00e9conomique caract\u00e9ris\u00e9 par une croissance dynamique et des perspectives positives, l&rsquo;ambassadeur dit saisir cette opportunit\u00e9 pour&nbsp; d\u00e9rouler cette mission.<\/p>\n\n\n\n<figure class=\"wp-block-image size-large\"><img loading=\"lazy\" decoding=\"async\" width=\"1024\" height=\"682\" src=\"http:\/\/sunuentreprise.sn\/wp-content\/uploads\/2024\/05\/IMG-20240527-WA0040-1024x682.jpg\" alt=\"\" class=\"wp-image-2506\" srcset=\"https:\/\/sunuentreprise.sn\/wp-content\/uploads\/2024\/05\/IMG-20240527-WA0040-1024x682.jpg 1024w, https:\/\/sunuentreprise.sn\/wp-content\/uploads\/2024\/05\/IMG-20240527-WA0040-300x200.jpg 300w, https:\/\/sunuentreprise.sn\/wp-content\/uploads\/2024\/05\/IMG-20240527-WA0040-768x512.jpg 768w, https:\/\/sunuentreprise.sn\/wp-content\/uploads\/2024\/05\/IMG-20240527-WA0040-1536x1024.jpg 1536w, https:\/\/sunuentreprise.sn\/wp-content\/uploads\/2024\/05\/IMG-20240527-WA0040-2048x1365.jpg 2048w\" sizes=\"auto, (max-width: 1024px) 100vw, 1024px\" \/><\/figure>\n\n\n\n<p><br>Pr\u00e8s de quarante entreprises suisses se sont d\u00e9j\u00e0 \u00e9tablies au S\u00e9n\u00e9gal, d&rsquo;apr\u00e8s le chef de la d\u00e9l\u00e9gation. Ces entreprises suisses contribuent au d\u00e9veloppement du pays. Il va s&rsquo;en dire que l&rsquo;installation de ces structures suisses a permis&nbsp; de noter des investissements de qualit\u00e9, des cr\u00e9ations d\u2019emplois visant \u00e0 r\u00e9duire le taux de ch\u00f4mage avec des formations professionnelles.<br>La d\u00e9l\u00e9gation a \u00e9t\u00e9 re\u00e7ue par le ministre de l\u2019Industrie et du Commerce, Serigne Gu\u00e8ye qui a conclu avec eux une collaboration \u00e9tatique avec des opportunit\u00e9s pour le secteur priv\u00e9 en \u00e9pousant les orientations du nouveau gouvernement s\u00e9n\u00e9galais<\/p>\n\n\n\n<figure class=\"wp-block-image size-large\"><img loading=\"lazy\" decoding=\"async\" width=\"1024\" height=\"864\" src=\"http:\/\/sunuentreprise.sn\/wp-content\/uploads\/2024\/05\/IMG-20240527-WA0038-1024x864.jpg\" alt=\"\" class=\"wp-image-2504\" srcset=\"https:\/\/sunuentreprise.sn\/wp-content\/uploads\/2024\/05\/IMG-20240527-WA0038-1024x864.jpg 1024w, https:\/\/sunuentreprise.sn\/wp-content\/uploads\/2024\/05\/IMG-20240527-WA0038-300x253.jpg 300w, https:\/\/sunuentreprise.sn\/wp-content\/uploads\/2024\/05\/IMG-20240527-WA0038-768x648.jpg 768w, https:\/\/sunuentreprise.sn\/wp-content\/uploads\/2024\/05\/IMG-20240527-WA0038-1536x1296.jpg 1536w, https:\/\/sunuentreprise.sn\/wp-content\/uploads\/2024\/05\/IMG-20240527-WA0038-2048x1728.jpg 2048w\" sizes=\"auto, (max-width: 1024px) 100vw, 1024px\" \/><\/figure>\n","protected":false},"excerpt":{"rendered":"<p>L\u2019Ambassadeur de\u00a0 Suisse au S\u00e9n\u00e9gal, Ivo Germann a affirm\u00e9<\/p>\n","protected":false},"author":1,"featured_media":2505,"comment_status":"open","ping_status":"open","sticky":true,"template":"","format":"standard","meta":{"footnotes":""},"categories":[4],"tags":[49,52,51,50],"class_list":["post-2502","post","type-post","status-publish","format-standard","has-post-thumbnail","hentry","category-pme-pmi","tag-ambassadeur-suisse","tag-ministere-de-lindustrie-et-du-commerce","tag-mission-economique","tag-nouveau-gouvernement"],"_links":{"self":[{"href":"https:\/\/sunuentreprise.sn\/index.php\/wp-json\/wp\/v2\/posts\/2502","targetHints":{"allow":["GET"]}}],"collection":[{"href":"https:\/\/sunuentreprise.sn\/index.php\/wp-json\/wp\/v2\/posts"}],"about":[{"href":"https:\/\/sunuentreprise.sn\/index.php\/wp-json\/wp\/v2\/types\/post"}],"author":[{"embeddable":true,"href":"https:\/\/sunuentreprise.sn\/index.php\/wp-json\/wp\/v2\/users\/1"}],"replies":[{"embeddable":true,"href":"https:\/\/sunuentreprise.sn\/index.php\/wp-json\/wp\/v2\/comments?post=2502"}],"version-history":[{"count":2,"href":"https:\/\/sunuentreprise.sn\/index.php\/wp-json\/wp\/v2\/posts\/2502\/revisions"}],"predecessor-version":[{"id":2509,"href":"https:\/\/sunuentreprise.sn\/index.php\/wp-json\/wp\/v2\/posts\/2502\/revisions\/2509"}],"wp:featuredmedia":[{"embeddable":true,"href":"https:\/\/sunuentreprise.sn\/index.php\/wp-json\/wp\/v2\/media\/2505"}],"wp:attachment":[{"href":"https:\/\/sunuentreprise.sn\/index.php\/wp-json\/wp\/v2\/media?parent=2502"}],"wp:term":[{"taxonomy":"category","embeddable":true,"href":"https:\/\/sunuentreprise.sn\/index.php\/wp-json\/wp\/v2\/categories?post=2502"},{"taxonomy":"post_tag","embeddable":true,"href":"https:\/\/sunuentreprise.sn\/index.php\/wp-json\/wp\/v2\/tags?post=2502"}],"curies":[{"name":"wp","href":"https:\/\/api.w.org\/{rel}","templated":true}]}}