{"id":2575,"date":"2024-06-12T18:34:28","date_gmt":"2024-06-12T16:34:28","guid":{"rendered":"https:\/\/sunuentreprise.sn\/?p=2575"},"modified":"2024-06-12T18:35:55","modified_gmt":"2024-06-12T16:35:55","slug":"salon-senefood-senepack-un-levier-pour-vendre-la-destination-investir-au-senegal","status":"publish","type":"post","link":"https:\/\/sunuentreprise.sn\/index.php\/2024\/06\/12\/salon-senefood-senepack-un-levier-pour-vendre-la-destination-investir-au-senegal\/","title":{"rendered":"SALON SENEFOOD\/ SENEPACK: UN LEVIER POUR VENDRE LA DESTINATION \u00ab INVESTIR AU S\u00c9N\u00c9GAL \u00bb"},"content":{"rendered":"\n<p>La 11\u00e8me \u00c9dition du Salon International pour l\u2019Alimentation (SENEFOOD) et du Salon International pour l\u2019emballage (SENEPACK) s\u2019est tenue du jeudi 6 juin au samedi 8 juin 2024 au centre d\u2019exposition de Diamniadio \u00e0 Dakar. Ce Salon regroupe quatre salons \u00e0 savoir la 11\u00e8me \u00e9dition du Salon international pour l\u2019alimentation (Senefood), la 11\u00e8me \u00e9dition du Salon international pour l\u2019emballage (Senepack), le 4\u00e8me Salon international de beaut\u00e9, du cosm\u00e9tique et de l\u2019hygi\u00e8ne (Bch) et le 2\u00e8me Salon international des machines, \u00e9quipements, et technologies agricoles (Senagro).\u00a0<\/p>\n\n\n\n<p><\/p>\n\n\n\n<figure class=\"wp-block-image size-large\"><img loading=\"lazy\" decoding=\"async\" width=\"768\" height=\"1024\" src=\"http:\/\/sunuentreprise.sn\/wp-content\/uploads\/2024\/06\/IMG_20240608_105240_751-768x1024.jpg\" alt=\"\" class=\"wp-image-2576\" srcset=\"https:\/\/sunuentreprise.sn\/wp-content\/uploads\/2024\/06\/IMG_20240608_105240_751-768x1024.jpg 768w, https:\/\/sunuentreprise.sn\/wp-content\/uploads\/2024\/06\/IMG_20240608_105240_751-225x300.jpg 225w, https:\/\/sunuentreprise.sn\/wp-content\/uploads\/2024\/06\/IMG_20240608_105240_751-1152x1536.jpg 1152w, https:\/\/sunuentreprise.sn\/wp-content\/uploads\/2024\/06\/IMG_20240608_105240_751-1536x2048.jpg 1536w, https:\/\/sunuentreprise.sn\/wp-content\/uploads\/2024\/06\/IMG_20240608_105240_751-450x600.jpg 450w, https:\/\/sunuentreprise.sn\/wp-content\/uploads\/2024\/06\/IMG_20240608_105240_751-scaled.jpg 1920w\" sizes=\"auto, (max-width: 768px) 100vw, 768px\" \/><\/figure>\n\n\n\n<p>L\u2019ouverture du Salon a \u00e9t\u00e9 pr\u00e9sid\u00e9e par le ministre de l\u2019Industrie et du Commerce Serigne Gueye Diop qui est revenu sur la politique mise par le nouveau gouvernement pour vendre la destination \u00ab Investir au S\u00e9n\u00e9gal \u00bb.<\/p>\n\n\n\n<p>Destin\u00e9e \u00e0 la promotion des biens et services, cet \u00e9v\u00e9nement a particip\u00e9 \u00e0 la d\u00e9couverte de partenaires internationaux, mais a offert bien \u00e9videmment l\u2019opportunit\u00e9 aux exposants de rencontrer les promoteurs et visiteurs professionnels en qu\u00eate de partenariats.<\/p>\n\n\n\n<figure class=\"wp-block-image size-large\"><img loading=\"lazy\" decoding=\"async\" width=\"768\" height=\"1024\" src=\"http:\/\/sunuentreprise.sn\/wp-content\/uploads\/2024\/06\/IMG_20240608_102406_527-768x1024.jpg\" alt=\"\" class=\"wp-image-2577\" srcset=\"https:\/\/sunuentreprise.sn\/wp-content\/uploads\/2024\/06\/IMG_20240608_102406_527-768x1024.jpg 768w, https:\/\/sunuentreprise.sn\/wp-content\/uploads\/2024\/06\/IMG_20240608_102406_527-225x300.jpg 225w, https:\/\/sunuentreprise.sn\/wp-content\/uploads\/2024\/06\/IMG_20240608_102406_527-1152x1536.jpg 1152w, https:\/\/sunuentreprise.sn\/wp-content\/uploads\/2024\/06\/IMG_20240608_102406_527-1536x2048.jpg 1536w, https:\/\/sunuentreprise.sn\/wp-content\/uploads\/2024\/06\/IMG_20240608_102406_527-450x600.jpg 450w, https:\/\/sunuentreprise.sn\/wp-content\/uploads\/2024\/06\/IMG_20240608_102406_527-scaled.jpg 1920w\" sizes=\"auto, (max-width: 768px) 100vw, 768px\" \/><\/figure>\n\n\n\n<p>Une centaine d\u2019acteurs \u00e9conomiques a particip\u00e9 \u00e0 ce salon qui vise \u00e9galement \u00e0 promouvoir les outils de production, de vulgarisation des technologies de l\u2019industrie Agroalimentaire et de l\u2019Emballage. Des entreprises marocaines et turques ont marqu\u00e9 leur pr\u00e9sence par l\u2019exposition de leurs produits innovants de qualit\u00e9. Pr\u00e8s de 200 exposants internationaux venus du Maroc, de la Turquie, de l\u2019Italie, de l\u2019Espagne et des \u00celes Canaries et des locaux ont particip\u00e9 \u00e0 cette rencontre<\/p>\n\n\n\n<figure class=\"wp-block-image size-large\"><img loading=\"lazy\" decoding=\"async\" width=\"768\" height=\"1024\" src=\"http:\/\/sunuentreprise.sn\/wp-content\/uploads\/2024\/06\/IMG_20240608_110139_243-768x1024.jpg\" alt=\"\" class=\"wp-image-2578\" srcset=\"https:\/\/sunuentreprise.sn\/wp-content\/uploads\/2024\/06\/IMG_20240608_110139_243-768x1024.jpg 768w, https:\/\/sunuentreprise.sn\/wp-content\/uploads\/2024\/06\/IMG_20240608_110139_243-225x300.jpg 225w, https:\/\/sunuentreprise.sn\/wp-content\/uploads\/2024\/06\/IMG_20240608_110139_243-1152x1536.jpg 1152w, https:\/\/sunuentreprise.sn\/wp-content\/uploads\/2024\/06\/IMG_20240608_110139_243-1536x2048.jpg 1536w, https:\/\/sunuentreprise.sn\/wp-content\/uploads\/2024\/06\/IMG_20240608_110139_243-450x600.jpg 450w, https:\/\/sunuentreprise.sn\/wp-content\/uploads\/2024\/06\/IMG_20240608_110139_243-scaled.jpg 1920w\" sizes=\"auto, (max-width: 768px) 100vw, 768px\" \/><\/figure>\n\n\n\n<p>A ce niveau, l\u2019exposition des outils de production a permis aux entreprises de d\u00e9couvrir de nouvelles technologies et solutions innovantes pour le d\u00e9veloppement de leurs industries.&nbsp;<\/p>\n","protected":false},"excerpt":{"rendered":"<p>La 11\u00e8me \u00c9dition du Salon International pour l\u2019Alimentation (SENEFOOD)<\/p>\n","protected":false},"author":1,"featured_media":2579,"comment_status":"open","ping_status":"open","sticky":true,"template":"","format":"standard","meta":{"footnotes":""},"categories":[13,53,4],"tags":[101,100,99,98],"class_list":["post-2575","post","type-post","status-publish","format-standard","has-post-thumbnail","hentry","category-a-la-une","category-actualites","category-pme-pmi","tag-diamniadio","tag-salon","tag-senefood","tag-senepack"],"_links":{"self":[{"href":"https:\/\/sunuentreprise.sn\/index.php\/wp-json\/wp\/v2\/posts\/2575","targetHints":{"allow":["GET"]}}],"collection":[{"href":"https:\/\/sunuentreprise.sn\/index.php\/wp-json\/wp\/v2\/posts"}],"about":[{"href":"https:\/\/sunuentreprise.sn\/index.php\/wp-json\/wp\/v2\/types\/post"}],"author":[{"embeddable":true,"href":"https:\/\/sunuentreprise.sn\/index.php\/wp-json\/wp\/v2\/users\/1"}],"replies":[{"embeddable":true,"href":"https:\/\/sunuentreprise.sn\/index.php\/wp-json\/wp\/v2\/comments?post=2575"}],"version-history":[{"count":2,"href":"https:\/\/sunuentreprise.sn\/index.php\/wp-json\/wp\/v2\/posts\/2575\/revisions"}],"predecessor-version":[{"id":2582,"href":"https:\/\/sunuentreprise.sn\/index.php\/wp-json\/wp\/v2\/posts\/2575\/revisions\/2582"}],"wp:featuredmedia":[{"embeddable":true,"href":"https:\/\/sunuentreprise.sn\/index.php\/wp-json\/wp\/v2\/media\/2579"}],"wp:attachment":[{"href":"https:\/\/sunuentreprise.sn\/index.php\/wp-json\/wp\/v2\/media?parent=2575"}],"wp:term":[{"taxonomy":"category","embeddable":true,"href":"https:\/\/sunuentreprise.sn\/index.php\/wp-json\/wp\/v2\/categories?post=2575"},{"taxonomy":"post_tag","embeddable":true,"href":"https:\/\/sunuentreprise.sn\/index.php\/wp-json\/wp\/v2\/tags?post=2575"}],"curies":[{"name":"wp","href":"https:\/\/api.w.org\/{rel}","templated":true}]}}