{"id":2597,"date":"2024-06-16T00:58:13","date_gmt":"2024-06-15T22:58:13","guid":{"rendered":"https:\/\/sunuentreprise.sn\/?p=2597"},"modified":"2024-06-16T00:58:14","modified_gmt":"2024-06-15T22:58:14","slug":"louga-la-chambre-de-commerce-annonce-la-formation-de-22-acteurs-economiques-dans-lagroalimentaire","status":"publish","type":"post","link":"https:\/\/sunuentreprise.sn\/index.php\/2024\/06\/16\/louga-la-chambre-de-commerce-annonce-la-formation-de-22-acteurs-economiques-dans-lagroalimentaire\/","title":{"rendered":"Louga: La chambre de commerce annonce la formation de 22 acteurs \u00e9conomiques dans l&rsquo;agroalimentaire"},"content":{"rendered":"\n<p>Le pr\u00e9sident de la\u00a0 Chambre de commerce de Louga, Cheikh S\u00e8ne a annonc\u00e9 ce mercredi dans le cadre de la phase de mise en \u0153uvre du projet d\u2019appui \u00e0 la professionnalisation et \u00e0 la comp\u00e9titivit\u00e9 des unit\u00e9s \u00e9conomiques dans le domaine de la transformation agroalimentaire, la formation de 22 acteurs \u00e9conomiques de Louga.<br>Cette formation orient\u00e9e dans le domaine agroalimentaire et port\u00e9e par la GIZ (Deutsche Gesellschaft f\u00fcr Internationale Zusammenarbeit) dans le cadre du programme ambitieux \u201cR\u00e9ussir au S\u00e9n\u00e9gal\u201d, constitue un jalon significatif dans l\u2019ascension \u00e9conomique de la r\u00e9gion.<\/p>\n\n\n\n<p>D&rsquo;apr\u00e8s Cheikh S\u00e9ne qui a assist\u00e9 \u00e0&nbsp; la c\u00e9r\u00e9monie de lancement de la deuxi\u00e8me phase du projet d\u2019appui, 99 groupements de femmes b\u00e9n\u00e9ficieront \u00e9galement d&rsquo;une formation en transformation des produits c\u00e9r\u00e9aliers, valorisation du lait local, et mise en march\u00e9 des fruits et l\u00e9gumes.<\/p>\n\n\n\n<p>Pour cette deuxi\u00e8me phase du projet, le co\u00fbt global financ\u00e9 par la GIZ, est estim\u00e9 \u00e0 35 millions de francs CFA\u201d.<\/p>\n\n\n\n<p>A l&rsquo;occasion, le directeur de la Chambre de commerce de Louga a mis l&rsquo;accent sur la r\u00e9flexion en cours sur la cr\u00e9ation d\u2019un fonds de financement en partenariat avec la GIZ, visant \u00e0 compl\u00e9ter les soutiens existants, tels que le fonds d\u2019appui \u00e0 l\u2019industrialisation et au commerce r\u00e9cemment \u00e9voqu\u00e9 par les autorit\u00e9s \u00e9tatiques.&nbsp;<\/p>\n","protected":false},"excerpt":{"rendered":"<p>Le pr\u00e9sident de la\u00a0 Chambre de commerce de Louga,<\/p>\n","protected":false},"author":1,"featured_media":2598,"comment_status":"open","ping_status":"open","sticky":true,"template":"","format":"standard","meta":{"footnotes":""},"categories":[13,53,4],"tags":[114,112,41,115,113],"class_list":["post-2597","post","type-post","status-publish","format-standard","has-post-thumbnail","hentry","category-a-la-une","category-actualites","category-pme-pmi","tag-acteurs-economiques","tag-agroalimentaire","tag-appui","tag-formation","tag-louga"],"_links":{"self":[{"href":"https:\/\/sunuentreprise.sn\/index.php\/wp-json\/wp\/v2\/posts\/2597","targetHints":{"allow":["GET"]}}],"collection":[{"href":"https:\/\/sunuentreprise.sn\/index.php\/wp-json\/wp\/v2\/posts"}],"about":[{"href":"https:\/\/sunuentreprise.sn\/index.php\/wp-json\/wp\/v2\/types\/post"}],"author":[{"embeddable":true,"href":"https:\/\/sunuentreprise.sn\/index.php\/wp-json\/wp\/v2\/users\/1"}],"replies":[{"embeddable":true,"href":"https:\/\/sunuentreprise.sn\/index.php\/wp-json\/wp\/v2\/comments?post=2597"}],"version-history":[{"count":1,"href":"https:\/\/sunuentreprise.sn\/index.php\/wp-json\/wp\/v2\/posts\/2597\/revisions"}],"predecessor-version":[{"id":2599,"href":"https:\/\/sunuentreprise.sn\/index.php\/wp-json\/wp\/v2\/posts\/2597\/revisions\/2599"}],"wp:featuredmedia":[{"embeddable":true,"href":"https:\/\/sunuentreprise.sn\/index.php\/wp-json\/wp\/v2\/media\/2598"}],"wp:attachment":[{"href":"https:\/\/sunuentreprise.sn\/index.php\/wp-json\/wp\/v2\/media?parent=2597"}],"wp:term":[{"taxonomy":"category","embeddable":true,"href":"https:\/\/sunuentreprise.sn\/index.php\/wp-json\/wp\/v2\/categories?post=2597"},{"taxonomy":"post_tag","embeddable":true,"href":"https:\/\/sunuentreprise.sn\/index.php\/wp-json\/wp\/v2\/tags?post=2597"}],"curies":[{"name":"wp","href":"https:\/\/api.w.org\/{rel}","templated":true}]}}