{"id":2608,"date":"2024-06-24T19:35:32","date_gmt":"2024-06-24T17:35:32","guid":{"rendered":"https:\/\/sunuentreprise.sn\/?p=2608"},"modified":"2024-06-24T19:35:33","modified_gmt":"2024-06-24T17:35:33","slug":"kaffrine-autonomisation-des-femmes-300-femmes-formees-pour-etre-autonomes-dans-le-domaine-agricole","status":"publish","type":"post","link":"https:\/\/sunuentreprise.sn\/index.php\/2024\/06\/24\/kaffrine-autonomisation-des-femmes-300-femmes-formees-pour-etre-autonomes-dans-le-domaine-agricole\/","title":{"rendered":"KAFFRINE\/AUTONOMISATION DES FEMMES : 300 femmes form\u00e9es pour\u00a0 \u00eatre autonomes dans le domaine agricole"},"content":{"rendered":"\n<p>A Kaffrine, plus pr\u00e9cis\u00e9ment dans la commune de Diokoul, pr\u00e8s 300 femmes ont b\u00e9n\u00e9fici\u00e9 d\u2019une formation sur les bonnes pratiques agricoles ce dimanche 23 juin 2024. Durant cinq jours, elles ont \u00e9t\u00e9 form\u00e9es sur l\u2019utilisation et la s\u00e9paration du compost, sur les bio-traitants et fertilisants, d\u2019apr\u00e8s Lamine Ndao, formateur en agro\u00e9cologie \u00e0 l&rsquo;ONG World Vision, initiateur de ce programme.<br>\u00c0 long terme, l&rsquo;initiative devrait permettre aux femmes b\u00e9n\u00e9ficiaires, membres de groupements d\u2019int\u00e9r\u00eat \u00e9conomique (GIE) de pouvoir \u00eatre autonomes en entreprenant dans le domaine mais \u00e9galement de faciliter&nbsp; leur implication dans le d\u00e9veloppement local.<\/p>\n\n\n\n<p>La cl\u00f4ture de cette formation, organis\u00e9e par&nbsp; World vision S\u00e9n\u00e9gal, en partenariat avec la ferme Agro\u00e9cologique-Natangu\u00e9 \u00e9tait l\u2019occasion pour les b\u00e9n\u00e9ficiaires de saluer l\u2019initiative.<\/p>\n\n\n\n<p>L\u2019une d\u2019entre elles du nom de Maty Diop se f\u00e9licite de cette formation qui vient \u00e0 son heure pour leur favoriser davantage la ma\u00eetrise des nouvelles techniques culturales, comme l\u2019utilisation du compost.&nbsp;<\/p>\n\n\n\n<p>.<\/p>\n","protected":false},"excerpt":{"rendered":"<p>A Kaffrine, plus pr\u00e9cis\u00e9ment dans la commune de Diokoul,<\/p>\n","protected":false},"author":1,"featured_media":2609,"comment_status":"open","ping_status":"open","sticky":true,"template":"","format":"standard","meta":{"footnotes":""},"categories":[13,53,65],"tags":[120,121,119,115,122],"class_list":["post-2608","post","type-post","status-publish","format-standard","has-post-thumbnail","hentry","category-a-la-une","category-actualites","category-agriculture-elevage","tag-agricole","tag-diokoul","tag-femmes-autonomes","tag-formation","tag-kaffrine"],"_links":{"self":[{"href":"https:\/\/sunuentreprise.sn\/index.php\/wp-json\/wp\/v2\/posts\/2608","targetHints":{"allow":["GET"]}}],"collection":[{"href":"https:\/\/sunuentreprise.sn\/index.php\/wp-json\/wp\/v2\/posts"}],"about":[{"href":"https:\/\/sunuentreprise.sn\/index.php\/wp-json\/wp\/v2\/types\/post"}],"author":[{"embeddable":true,"href":"https:\/\/sunuentreprise.sn\/index.php\/wp-json\/wp\/v2\/users\/1"}],"replies":[{"embeddable":true,"href":"https:\/\/sunuentreprise.sn\/index.php\/wp-json\/wp\/v2\/comments?post=2608"}],"version-history":[{"count":1,"href":"https:\/\/sunuentreprise.sn\/index.php\/wp-json\/wp\/v2\/posts\/2608\/revisions"}],"predecessor-version":[{"id":2610,"href":"https:\/\/sunuentreprise.sn\/index.php\/wp-json\/wp\/v2\/posts\/2608\/revisions\/2610"}],"wp:featuredmedia":[{"embeddable":true,"href":"https:\/\/sunuentreprise.sn\/index.php\/wp-json\/wp\/v2\/media\/2609"}],"wp:attachment":[{"href":"https:\/\/sunuentreprise.sn\/index.php\/wp-json\/wp\/v2\/media?parent=2608"}],"wp:term":[{"taxonomy":"category","embeddable":true,"href":"https:\/\/sunuentreprise.sn\/index.php\/wp-json\/wp\/v2\/categories?post=2608"},{"taxonomy":"post_tag","embeddable":true,"href":"https:\/\/sunuentreprise.sn\/index.php\/wp-json\/wp\/v2\/tags?post=2608"}],"curies":[{"name":"wp","href":"https:\/\/api.w.org\/{rel}","templated":true}]}}