{"id":2611,"date":"2024-06-25T19:29:44","date_gmt":"2024-06-25T17:29:44","guid":{"rendered":"https:\/\/sunuentreprise.sn\/?p=2611"},"modified":"2024-06-25T19:29:45","modified_gmt":"2024-06-25T17:29:45","slug":"entreprises-contenu-localles-assises-de-lentreprise-organisees-a-partir-de-ce-jeudi-par-le-cnp","status":"publish","type":"post","link":"https:\/\/sunuentreprise.sn\/index.php\/2024\/06\/25\/entreprises-contenu-localles-assises-de-lentreprise-organisees-a-partir-de-ce-jeudi-par-le-cnp\/","title":{"rendered":"ENTREPRISES\/CONTENU LOCAL:LES ASSISES DE L\u2019ENTREPRISE ORGANIS\u00c9ES A PARTIR DE CE JEUDI PAR LE CNP"},"content":{"rendered":"\n<p>Les assises de l\u2019Entreprise organis\u00e9es par le Conseil national du patronat du S\u00e9n\u00e9gal (CNP) se tiennent les 27 et 28 juin prochain.&nbsp;<\/p>\n\n\n\n<p>&nbsp;L&rsquo;annonce a \u00e9t\u00e9 faite lors d\u2019une conf\u00e9rence de presse par le pr\u00e9sident du CNP, M. Ba\u00efdy Agne qui a soulign\u00e9 que cette \u00e9dition 2024 des assises de l\u2019Entreprise qui a lieu depuis une vingtaine d\u2019ann\u00e9es \u00ab survient dans un contexte o\u00f9 la promotion du contenu local est plus que jamais d\u2019actualit\u00e9 \u00bb.<\/p>\n\n\n\n<p>Pour M. Agne, il est imp\u00e9ratif d\u2019augmenter le flux d\u2019investissements nationaux, surtout d\u2019impliquer la main-d\u2019\u0153uvre et les entreprises locales dans l\u2019exploitation des ressources nationales par des entreprises \u00e9trang\u00e8res. Le grand d\u00e9fi consiste \u00e0 ce niveau d\u2019\u00e9largir \u00e0 d\u2019autres secteurs d\u2019activit\u00e9.<\/p>\n\n\n\n<p>Cette \u00e9dition des assises du CNP englobe dans son programme&nbsp; le Salon international des professionnels de l\u2019\u00e9conomie num\u00e9rique (SIPEN), le Salon national Dakar Industries 2024, les entreprises, les imp\u00f4ts et les douanes. Il est pr\u00e9vu dans le programme un forum \u2018\u2019Etat-partenaires sociaux\u2019\u2019, un&nbsp; symposium consacr\u00e9 \u00e0 l\u2019\u00e9ducation, \u00e0 l\u2019enseignement sup\u00e9rieur et \u00e0 la formation et une rencontre d\u2019organisations patronales d\u2019Afrique de l\u2019Ouest.<\/p>\n\n\n\n<p>Pr\u00e8s de 5.000 visiteurs et des repr\u00e9sentants d\u2019une centaine d\u2019entreprises prendront part \u00e0 cette rencontre consacr\u00e9e aux entreprises, selon le pr\u00e9sident de l\u2019OPTIC, une organisation membre du CNP.<\/p>\n\n\n\n<p>D\u2019apr\u00e8s Ousmane Mbaye, le pr\u00e9sident du Syndicat professionnel des industries du S\u00e9n\u00e9gal (SPIS), ces assises sont un pr\u00e9texte pour relancer les \u00e9changes sur l\u2019industrie s\u00e9n\u00e9galaise en termes de fiscalit\u00e9, de r\u00e9glementation et de concurrence.<\/p>\n","protected":false},"excerpt":{"rendered":"<p>Les assises de l\u2019Entreprise organis\u00e9es par le Conseil national<\/p>\n","protected":false},"author":1,"featured_media":2612,"comment_status":"open","ping_status":"open","sticky":true,"template":"","format":"standard","meta":{"footnotes":""},"categories":[13,53,4],"tags":[123,124,39],"class_list":["post-2611","post","type-post","status-publish","format-standard","has-post-thumbnail","hentry","category-a-la-une","category-actualites","category-pme-pmi","tag-assises","tag-contenu-local","tag-entreprise"],"_links":{"self":[{"href":"https:\/\/sunuentreprise.sn\/index.php\/wp-json\/wp\/v2\/posts\/2611","targetHints":{"allow":["GET"]}}],"collection":[{"href":"https:\/\/sunuentreprise.sn\/index.php\/wp-json\/wp\/v2\/posts"}],"about":[{"href":"https:\/\/sunuentreprise.sn\/index.php\/wp-json\/wp\/v2\/types\/post"}],"author":[{"embeddable":true,"href":"https:\/\/sunuentreprise.sn\/index.php\/wp-json\/wp\/v2\/users\/1"}],"replies":[{"embeddable":true,"href":"https:\/\/sunuentreprise.sn\/index.php\/wp-json\/wp\/v2\/comments?post=2611"}],"version-history":[{"count":1,"href":"https:\/\/sunuentreprise.sn\/index.php\/wp-json\/wp\/v2\/posts\/2611\/revisions"}],"predecessor-version":[{"id":2613,"href":"https:\/\/sunuentreprise.sn\/index.php\/wp-json\/wp\/v2\/posts\/2611\/revisions\/2613"}],"wp:featuredmedia":[{"embeddable":true,"href":"https:\/\/sunuentreprise.sn\/index.php\/wp-json\/wp\/v2\/media\/2612"}],"wp:attachment":[{"href":"https:\/\/sunuentreprise.sn\/index.php\/wp-json\/wp\/v2\/media?parent=2611"}],"wp:term":[{"taxonomy":"category","embeddable":true,"href":"https:\/\/sunuentreprise.sn\/index.php\/wp-json\/wp\/v2\/categories?post=2611"},{"taxonomy":"post_tag","embeddable":true,"href":"https:\/\/sunuentreprise.sn\/index.php\/wp-json\/wp\/v2\/tags?post=2611"}],"curies":[{"name":"wp","href":"https:\/\/api.w.org\/{rel}","templated":true}]}}