{"id":2642,"date":"2024-06-28T12:47:10","date_gmt":"2024-06-28T10:47:10","guid":{"rendered":"https:\/\/sunuentreprise.sn\/?p=2642"},"modified":"2024-06-28T12:47:11","modified_gmt":"2024-06-28T10:47:11","slug":"assises-de-lentreprise-le-ministre-de-lindustrie-et-du-commerce-annonce-la-creation-dun-fond-de-soutien-pour-accompagner-les-industries-du-senegal","status":"publish","type":"post","link":"https:\/\/sunuentreprise.sn\/index.php\/2024\/06\/28\/assises-de-lentreprise-le-ministre-de-lindustrie-et-du-commerce-annonce-la-creation-dun-fond-de-soutien-pour-accompagner-les-industries-du-senegal\/","title":{"rendered":"ASSISES DE L\u2019ENTREPRISE : LE MINISTRE DE L\u2019INDUSTRIE ET DU COMMERCE ANNONCE LA CR\u00c9ATION D&rsquo;UN FOND DE SOUTIEN POUR ACCOMPAGNER LES\u00a0 INDUSTRIES DU S\u00c9N\u00c9GAL"},"content":{"rendered":"\n<p><br>La c\u00e9r\u00e9monie des assises de l\u2019entreprise \u00e9dition 2024 s\u2019est ouverte ce jeudi 27 juin 2024. Organis\u00e9e par le Conseil national du patronat du S\u00e9n\u00e9gal, cette premi\u00e8re journ\u00e9e a \u00e9t\u00e9 pr\u00e9sid\u00e9e par le ministre de l\u2019Industrie et du Commerce, Serigne Gueye Diop et son coll\u00e8gue ministre de l\u2019\u00c9conomie, du plan et de la coop\u00e9ration, Abdourahmane Sarr.&nbsp; Beaucoup de chefs&nbsp; d\u2019entreprise et d\u2019autorit\u00e9 ont pris part \u00e0 cette rencontre.&nbsp;<\/p>\n\n\n\n<p>D\u00e8s l\u2019entame de son allocution, le Ministre de l&rsquo;Industrie et du Commerce a soulign\u00e9 l\u2019importance du secteur priv\u00e9&nbsp; pour le d\u00e9veloppement du pays. \u00ab&nbsp; Les patrons et investisseurs s\u00e9n\u00e9galais sont les moteurs de notre croissance \u00e9conomique. Leur engagement et leur savoir-faire contribuent \u00e0 la cr\u00e9ation d&#8217;emplois, \u00e0 la g\u00e9n\u00e9ration de richesse et au rayonnement de notre territoire \u00e0 l&rsquo;international \u00bb a-t-il soutenu.&nbsp;&nbsp;<\/p>\n\n\n\n<p>En tant que membre du gouvernement, le ministre s\u2019est engag\u00e9 \u00e0 soutenir et accompagner les entrepreneurs s\u00e9n\u00e9galais dans leurs projets, afin de favoriser l&rsquo;\u00e9mergence de champions nationaux et de secteurs d&rsquo;excellence. Le ministre Serigne Diop Gueye a \u00e9galement pr\u00e9cis\u00e9 avoir bien pris en compte les d\u00e9fis auxquels les entreprises sont confront\u00e9es \u00e0 savoir la concurrence internationale, la stabilit\u00e9 \u00e9conomique, la pression r\u00e9glementaire.<\/p>\n\n\n\n<p>A ce niveau, le ministre estime qu\u2019il est imp\u00e9ratif de mettre en place des mesures concr\u00e8tes pour faciliter le d\u00e9veloppement de l\u2019entreprise s\u00e9n\u00e9galaise , \u00ab en favorisant l&rsquo;acc\u00e8s au&nbsp; financement, en simplifiant les d\u00e9marches administratives et en renfor\u00e7ant l&rsquo;attractivit\u00e9 du pays pour les investisseurs \u00e9trangers \u00bb.<\/p>\n\n\n\n<p>D\u2019apr\u00e8s le ministre, la relance de l\u2019industrie nationale est un facteur cl\u00e9 pour atteindre la souverainet\u00e9 \u00e9conomique du S\u00e9n\u00e9gal qui suppose une valorisation du potentiel industriel national et la densification du tissu industriel en Grandes, Petites et Moyennes industries.<\/p>\n\n\n\n<p>Par ailleurs, le ministre de l\u2019Industrie et du commerce s\u2019engage \u00e0 accompagner les industries avec la cr\u00e9ation d\u2019un fond de soutien aux industries. Ce fonds destin\u00e9 aux industries s\u00e9n\u00e9galaises sera un pr\u00e9texte pour promouvoir le d\u00e9veloppement \u00e9conomique et industriel du pays appuy\u00e9 par un soutien financier et\/ou des incitations aux entreprises du secteur.<\/p>\n\n\n\n<p>A l\u2019occasion, Serigne Gueye Diop a annonc\u00e9 la tenue prochaine des Assises de l\u2019industrie et du Commerce qui vont permettre au minist\u00e8re de tutelle d\u2019\u00eatre en mesure de r\u00e9unir les acteurs cl\u00e9s du secteur industriel afin de discuter des enjeux, des d\u00e9fis et des opportunit\u00e9s qui se pr\u00e9sentent \u00e0 l&rsquo;industrie.<\/p>\n","protected":false},"excerpt":{"rendered":"<p>La c\u00e9r\u00e9monie des assises de l\u2019entreprise \u00e9dition 2024 s\u2019est<\/p>\n","protected":false},"author":1,"featured_media":2643,"comment_status":"open","ping_status":"open","sticky":true,"template":"","format":"standard","meta":{"footnotes":""},"categories":[13,53,4],"tags":[142,141,39,143],"class_list":["post-2642","post","type-post","status-publish","format-standard","has-post-thumbnail","hentry","category-a-la-une","category-actualites","category-pme-pmi","tag-assises-de-lentreprise","tag-cnp","tag-entreprise","tag-serigne-gueye-diop"],"_links":{"self":[{"href":"https:\/\/sunuentreprise.sn\/index.php\/wp-json\/wp\/v2\/posts\/2642","targetHints":{"allow":["GET"]}}],"collection":[{"href":"https:\/\/sunuentreprise.sn\/index.php\/wp-json\/wp\/v2\/posts"}],"about":[{"href":"https:\/\/sunuentreprise.sn\/index.php\/wp-json\/wp\/v2\/types\/post"}],"author":[{"embeddable":true,"href":"https:\/\/sunuentreprise.sn\/index.php\/wp-json\/wp\/v2\/users\/1"}],"replies":[{"embeddable":true,"href":"https:\/\/sunuentreprise.sn\/index.php\/wp-json\/wp\/v2\/comments?post=2642"}],"version-history":[{"count":1,"href":"https:\/\/sunuentreprise.sn\/index.php\/wp-json\/wp\/v2\/posts\/2642\/revisions"}],"predecessor-version":[{"id":2644,"href":"https:\/\/sunuentreprise.sn\/index.php\/wp-json\/wp\/v2\/posts\/2642\/revisions\/2644"}],"wp:featuredmedia":[{"embeddable":true,"href":"https:\/\/sunuentreprise.sn\/index.php\/wp-json\/wp\/v2\/media\/2643"}],"wp:attachment":[{"href":"https:\/\/sunuentreprise.sn\/index.php\/wp-json\/wp\/v2\/media?parent=2642"}],"wp:term":[{"taxonomy":"category","embeddable":true,"href":"https:\/\/sunuentreprise.sn\/index.php\/wp-json\/wp\/v2\/categories?post=2642"},{"taxonomy":"post_tag","embeddable":true,"href":"https:\/\/sunuentreprise.sn\/index.php\/wp-json\/wp\/v2\/tags?post=2642"}],"curies":[{"name":"wp","href":"https:\/\/api.w.org\/{rel}","templated":true}]}}