{"id":2685,"date":"2024-07-15T14:53:45","date_gmt":"2024-07-15T12:53:45","guid":{"rendered":"https:\/\/sunuentreprise.sn\/?p=2685"},"modified":"2024-07-15T14:53:46","modified_gmt":"2024-07-15T12:53:46","slug":"visite-le-dg-de-lasepex-invite-dhonneur-de-la-foire-teral-jiguene-de-la-commune-de-diamegueune-sicap-mbao","status":"publish","type":"post","link":"https:\/\/sunuentreprise.sn\/index.php\/2024\/07\/15\/visite-le-dg-de-lasepex-invite-dhonneur-de-la-foire-teral-jiguene-de-la-commune-de-diamegueune-sicap-mbao\/","title":{"rendered":"VISITE : Le DG de l&rsquo;ASEPEX, invit\u00e9 d&rsquo;honneur de la Foire \u00ab\u00a0T\u00e9ral Jigu\u00e8ne\u00a0\u00bb\u00a0 de la commune de Diamegueune\u00a0 Sicap Mbao"},"content":{"rendered":"\n<p>Le Directeur G\u00e9n\u00e9ral de l&rsquo;Agence S\u00e9n\u00e9galaise de Promotion des Exportations a effectu\u00e9 une visite \u00e0 l&rsquo;\u00e9dition 2024 de la Foire \u00ab\u00a0T\u00e9ral Jigu\u00e8ne\u00a0\u00bb ce Vendredi 12 Juillet 2024 dans la commune de Diamegueune Sicap Mbao. Modou Mb\u00e8ne Gueye, avec sa d\u00e9l\u00e9gation a honor\u00e9 par sa pr\u00e9sence cette foire organis\u00e9e par le conseil municipal de la dite commune.<\/p>\n\n\n\n<p>Du 10 au 14 juillet 2024 la foire \u00ab\u00a0T\u00e9ral jigu\u00e8ne\u00a0\u00bb a regroup\u00e9 des associations&nbsp; f\u00e9minines, des petites et moyennes entreprises du d\u00e9partement de Pikine et de l&rsquo;int\u00e9rieur du pays.<\/p>\n\n\n\n<p>Une occasion saisie par le nouveau Directeur g\u00e9n\u00e9ral de l&rsquo;ASEPEX pour r\u00e9it\u00e9rer son soutien envers les entreprises \u00e9voluant dans la production et la transformation des produits \u00ab\u00a0made in Senegal\u00a0\u00bb.<br>La visite a&nbsp; permis \u00e0 l&rsquo;autorit\u00e9, accompagn\u00e9e du Maire de Diamegueune Sicap Mbao, Monsieur Cheikh Aliou Beye, de s\u2019entretenir avec les exposants qui ont&nbsp; pr\u00e9sent\u00e9 divers produits locaux.<br>Le d\u00e9placement du Directeur g\u00e9n\u00e9ral de l&rsquo;Agence S\u00e9n\u00e9galaise de Promotion des Exportations a \u00e9t\u00e9 salu\u00e9 par les participants&nbsp; \u00e0 l&rsquo;\u00e9dition 2024 de la Foire \u00ab\u00a0T\u00e9ral Jigu\u00e8ne\u00a0\u00bb de Diamagueune Sicap Mbao.&nbsp;<\/p>\n","protected":false},"excerpt":{"rendered":"<p>Le Directeur G\u00e9n\u00e9ral de l&rsquo;Agence S\u00e9n\u00e9galaise de Promotion des<\/p>\n","protected":false},"author":1,"featured_media":2686,"comment_status":"open","ping_status":"open","sticky":true,"template":"","format":"standard","meta":{"footnotes":""},"categories":[13,53,4],"tags":[182,184,181,183],"class_list":["post-2685","post","type-post","status-publish","format-standard","has-post-thumbnail","hentry","category-a-la-une","category-actualites","category-pme-pmi","tag-dg-de-lasepex","tag-diamegueune","tag-foire-teral-jiguene","tag-visite-le-dg-de-lasepex"],"_links":{"self":[{"href":"https:\/\/sunuentreprise.sn\/index.php\/wp-json\/wp\/v2\/posts\/2685","targetHints":{"allow":["GET"]}}],"collection":[{"href":"https:\/\/sunuentreprise.sn\/index.php\/wp-json\/wp\/v2\/posts"}],"about":[{"href":"https:\/\/sunuentreprise.sn\/index.php\/wp-json\/wp\/v2\/types\/post"}],"author":[{"embeddable":true,"href":"https:\/\/sunuentreprise.sn\/index.php\/wp-json\/wp\/v2\/users\/1"}],"replies":[{"embeddable":true,"href":"https:\/\/sunuentreprise.sn\/index.php\/wp-json\/wp\/v2\/comments?post=2685"}],"version-history":[{"count":1,"href":"https:\/\/sunuentreprise.sn\/index.php\/wp-json\/wp\/v2\/posts\/2685\/revisions"}],"predecessor-version":[{"id":2687,"href":"https:\/\/sunuentreprise.sn\/index.php\/wp-json\/wp\/v2\/posts\/2685\/revisions\/2687"}],"wp:featuredmedia":[{"embeddable":true,"href":"https:\/\/sunuentreprise.sn\/index.php\/wp-json\/wp\/v2\/media\/2686"}],"wp:attachment":[{"href":"https:\/\/sunuentreprise.sn\/index.php\/wp-json\/wp\/v2\/media?parent=2685"}],"wp:term":[{"taxonomy":"category","embeddable":true,"href":"https:\/\/sunuentreprise.sn\/index.php\/wp-json\/wp\/v2\/categories?post=2685"},{"taxonomy":"post_tag","embeddable":true,"href":"https:\/\/sunuentreprise.sn\/index.php\/wp-json\/wp\/v2\/tags?post=2685"}],"curies":[{"name":"wp","href":"https:\/\/api.w.org\/{rel}","templated":true}]}}