{"id":2691,"date":"2024-07-16T09:56:38","date_gmt":"2024-07-16T07:56:38","guid":{"rendered":"https:\/\/sunuentreprise.sn\/?p=2691"},"modified":"2024-07-16T09:56:38","modified_gmt":"2024-07-16T07:56:38","slug":"exposition-artisanat-la-place-du-souvenir-africain-accueille-la-premiere-edition-du-salon-du-consommer-local-pour-la-valorisation-du-savoir-faire-des-artisans","status":"publish","type":"post","link":"https:\/\/sunuentreprise.sn\/index.php\/2024\/07\/16\/exposition-artisanat-la-place-du-souvenir-africain-accueille-la-premiere-edition-du-salon-du-consommer-local-pour-la-valorisation-du-savoir-faire-des-artisans\/","title":{"rendered":"EXPOSITION \/ARTISANAT : La place du Souvenir Africain accueille la Premi\u00e8re \u00e9dition du salon du consommer-local pour la valorisation du savoir-faire des artisans"},"content":{"rendered":"\n<p>La 1\u00e8re&nbsp; \u00e9dition du salon du consommer local a \u00e9t\u00e9 organis\u00e9e du 12 au 14 juillet 2024 \u00e0 la Place du Souvenir Africain de Dakar. La porteuse de cette initiative, Fanta Diatigui Diarra a affirm\u00e9 l\u2019importance de cet \u00e9v\u00e9nement qui a pour but la valorisation du savoir-faire des artisans.<\/p>\n\n\n\n<p>Ce salon a vu la participation de la Chambre de Commerce, d\u2019Industrie et d\u2019Agriculture de Dakar (CCIAD) et l\u2019Agence de D\u00e9veloppement et d\u2019Encadrement des Petites et Moyennes entreprises (ADEPME). Dans leurs casquettes de structures d\u2019appui et d\u2019encadrement, la Cciad et l\u2019Adepme ont pris part \u00e0 la c\u00e9r\u00e9monie d\u2019ouverture.<\/p>\n\n\n\n<p>La promotion de la cr\u00e9ativit\u00e9 des artisans et la mise en avant de leur visibilit\u00e9 sont primordiales pour appuyer ces artistes entrepreneurs.<\/p>\n\n\n\n<p>D\u2019apr\u00e8s le pr\u00e9sident du Conseil National des Artisans du S\u00e9n\u00e9gal, Moussa Niang, l\u2019initiative est \u00e0 saluer d\u2019autant plus que l\u2019activit\u00e9 vient dans le contexte de souverainet\u00e9 pr\u00f4n\u00e9e par les nouvelles autorit\u00e9s \u00e9tatiques.<\/p>\n\n\n\n<p>Beaucoup de produits artisanaux ont \u00e9t\u00e9 expos\u00e9s. Des sacs en cuir faits&nbsp; \u00e0 la main, des tenues africaines faites avec des pagnes tiss\u00e9s, des \u00e9pices transform\u00e9es localement,&nbsp; des&nbsp; jus locaux, des c\u00e9r\u00e9ales locales, des bijoux africains en perles, entre autres produits locaux ont marqu\u00e9 cette exposition de consommer local.<\/p>\n\n\n\n<p>Pour Dada, exposante, ce salon leur permet de promouvoir leurs produits et de se faire conna\u00eetre en tant qu&rsquo;entrepreneur. C&rsquo;est \u00e9galement,&nbsp; un \u00e9l\u00e9ment de mesure leur permettant de se comparer aux autres exposants afin de d\u00e9celer leurs insuffisances.<br>La premi\u00e8re \u00e9dition de ce Salon du Consommer local a aussi \u00e9t\u00e9 marqu\u00e9e par la pr\u00e9sence remarqu\u00e9e des femmes au niveau des stands.<\/p>\n","protected":false},"excerpt":{"rendered":"<p>La 1\u00e8re&nbsp; \u00e9dition du salon du consommer local a<\/p>\n","protected":false},"author":1,"featured_media":2692,"comment_status":"open","ping_status":"open","sticky":true,"template":"","format":"standard","meta":{"footnotes":""},"categories":[13,53,61,64],"tags":[],"class_list":["post-2691","post","type-post","status-publish","format-standard","has-post-thumbnail","hentry","category-a-la-une","category-actualites","category-arts-et-industries-creatives","category-commerce"],"_links":{"self":[{"href":"https:\/\/sunuentreprise.sn\/index.php\/wp-json\/wp\/v2\/posts\/2691","targetHints":{"allow":["GET"]}}],"collection":[{"href":"https:\/\/sunuentreprise.sn\/index.php\/wp-json\/wp\/v2\/posts"}],"about":[{"href":"https:\/\/sunuentreprise.sn\/index.php\/wp-json\/wp\/v2\/types\/post"}],"author":[{"embeddable":true,"href":"https:\/\/sunuentreprise.sn\/index.php\/wp-json\/wp\/v2\/users\/1"}],"replies":[{"embeddable":true,"href":"https:\/\/sunuentreprise.sn\/index.php\/wp-json\/wp\/v2\/comments?post=2691"}],"version-history":[{"count":1,"href":"https:\/\/sunuentreprise.sn\/index.php\/wp-json\/wp\/v2\/posts\/2691\/revisions"}],"predecessor-version":[{"id":2693,"href":"https:\/\/sunuentreprise.sn\/index.php\/wp-json\/wp\/v2\/posts\/2691\/revisions\/2693"}],"wp:featuredmedia":[{"embeddable":true,"href":"https:\/\/sunuentreprise.sn\/index.php\/wp-json\/wp\/v2\/media\/2692"}],"wp:attachment":[{"href":"https:\/\/sunuentreprise.sn\/index.php\/wp-json\/wp\/v2\/media?parent=2691"}],"wp:term":[{"taxonomy":"category","embeddable":true,"href":"https:\/\/sunuentreprise.sn\/index.php\/wp-json\/wp\/v2\/categories?post=2691"},{"taxonomy":"post_tag","embeddable":true,"href":"https:\/\/sunuentreprise.sn\/index.php\/wp-json\/wp\/v2\/tags?post=2691"}],"curies":[{"name":"wp","href":"https:\/\/api.w.org\/{rel}","templated":true}]}}