{"id":2741,"date":"2024-07-30T19:29:34","date_gmt":"2024-07-30T17:29:34","guid":{"rendered":"https:\/\/sunuentreprise.sn\/?p=2741"},"modified":"2024-07-30T23:01:35","modified_gmt":"2024-07-30T21:01:35","slug":"industrie-textile-domitexka-saloum-ou-la-renaissance-du-textile-senegalais","status":"publish","type":"post","link":"https:\/\/sunuentreprise.sn\/index.php\/2024\/07\/30\/industrie-textile-domitexka-saloum-ou-la-renaissance-du-textile-senegalais\/","title":{"rendered":"INDUSTRIE TEXTILE :\u00a0 \u00ab DOMITEXKA SALOUM \u00bb ou la Renaissance du textile s\u00e9n\u00e9galais"},"content":{"rendered":"\n<p>La c\u00e9r\u00e9monie de lancement des travaux de relance de l\u2019usine \u00ab Textile DOMITEXKA Saloum\u00bb a eu lieu ce lundi 29 juillet 2024 \u00e0 Kahone, dans la r\u00e9gion de Kaolack. L\u2019\u00e9v\u00e8nement a \u00e9t\u00e9 co-pr\u00e9sid\u00e9 par le ministre de l\u2019Industrie et du Commerce,Monsieur Serigne Gueye DIOP, son coll\u00e8gue ministre de l\u2019Agriculture, de la Souverainet\u00e9 Alimentaire et de l\u2019\u00c9levage, Monsieur Mabouba DIAGNE et le Secr\u00e9taire d&rsquo;\u00c9tat au d\u00e9veloppement des PME- PMI, Monsieur Ibrahima THIAM en pr\u00e9sence de l&rsquo;Ambassadeur de la R\u00e9publique f\u00e9d\u00e9rale d&rsquo;Allemagne au S\u00e9n\u00e9gal.<\/p>\n\n\n\n<figure class=\"wp-block-image size-large\"><img loading=\"lazy\" decoding=\"async\" width=\"1024\" height=\"682\" src=\"http:\/\/sunuentreprise.sn\/wp-content\/uploads\/2024\/07\/IMG-20240730-WA0022-1024x682.jpg\" alt=\"\" class=\"wp-image-2744\" srcset=\"https:\/\/sunuentreprise.sn\/wp-content\/uploads\/2024\/07\/IMG-20240730-WA0022-1024x682.jpg 1024w, https:\/\/sunuentreprise.sn\/wp-content\/uploads\/2024\/07\/IMG-20240730-WA0022-300x200.jpg 300w, https:\/\/sunuentreprise.sn\/wp-content\/uploads\/2024\/07\/IMG-20240730-WA0022-768x512.jpg 768w, https:\/\/sunuentreprise.sn\/wp-content\/uploads\/2024\/07\/IMG-20240730-WA0022-1536x1024.jpg 1536w, https:\/\/sunuentreprise.sn\/wp-content\/uploads\/2024\/07\/IMG-20240730-WA0022-2048x1365.jpg 2048w\" sizes=\"auto, (max-width: 1024px) 100vw, 1024px\" \/><\/figure>\n\n\n\n<p>Le Domaine Industriel et Textile de Kahone couvre une superficie de 20 hectares de site industriel dont 30.000m\u00b2 de hangars couverts. Il \u00e9volue dans la relance du textile s\u00e9n\u00e9galais et africain.<\/p>\n\n\n\n<p>Dans son allocution, Serigne Gueye Diop a exprim\u00e9 toute sa satisfaction de voir la renaissance du textile s\u00e9n\u00e9galais avec la r\u00e9ouverture de cette usine. \u00a0\u00bb Le S\u00e9n\u00e9gal est aujourd\u2019hui \u00e0 la veille de grands changements dans le domaine industriel.\u00a0 Nous comptons, dans les meilleurs d\u00e9lais, faire de Kaolack une zone \u00e9conomique industrielle avec un p\u00f4le agro-industriel. La position de Kaolack joue un r\u00f4le important car se situant au centre du pays\u00a0\u00bb \u00e0 t-il soulign\u00e9.<\/p>\n\n\n\n<figure class=\"wp-block-image size-large\"><img loading=\"lazy\" decoding=\"async\" width=\"1024\" height=\"682\" src=\"http:\/\/sunuentreprise.sn\/wp-content\/uploads\/2024\/07\/IMG-20240730-WA0026-1024x682.jpg\" alt=\"\" class=\"wp-image-2748\" srcset=\"https:\/\/sunuentreprise.sn\/wp-content\/uploads\/2024\/07\/IMG-20240730-WA0026-1024x682.jpg 1024w, https:\/\/sunuentreprise.sn\/wp-content\/uploads\/2024\/07\/IMG-20240730-WA0026-300x200.jpg 300w, https:\/\/sunuentreprise.sn\/wp-content\/uploads\/2024\/07\/IMG-20240730-WA0026-768x512.jpg 768w, https:\/\/sunuentreprise.sn\/wp-content\/uploads\/2024\/07\/IMG-20240730-WA0026-1536x1024.jpg 1536w, https:\/\/sunuentreprise.sn\/wp-content\/uploads\/2024\/07\/IMG-20240730-WA0026-2048x1365.jpg 2048w\" sizes=\"auto, (max-width: 1024px) 100vw, 1024px\" \/><\/figure>\n\n\n\n<p><br>Le ministre Serigne Gueye Diop a par ailleurs salu\u00e9 le partenariat Public Priv\u00e9 qui a permis le red\u00e9marrage de cette usine gr\u00e2ce \u00e0 la\u00a0 coop\u00e9ration allemande avec un financement de 3,7 milliards de francs cfa.<\/p>\n\n\n\n<p>Pour le Ministre, le lancement des activit\u00e9s de Domitexka Saloum par Serigne Mboup, promoteur du projet, par ailleurs Maire de la ville de Kaolack, doit pousser \u00e0 une r\u00e9flexion sur deux politiques \u00e0 l&rsquo;\u00e9chelle locale, une politique verticale et une politique horizontale de l&rsquo;industrie qui prendraient en compte les fili\u00e8res comme le coton, de l\u2019agriculture \u00e0 la confection en passant par la transformation.<\/p>\n\n\n\n<figure class=\"wp-block-image size-large\"><img loading=\"lazy\" decoding=\"async\" width=\"1024\" height=\"682\" src=\"http:\/\/sunuentreprise.sn\/wp-content\/uploads\/2024\/07\/IMG-20240730-WA0016-1024x682.jpg\" alt=\"\" class=\"wp-image-2747\" srcset=\"https:\/\/sunuentreprise.sn\/wp-content\/uploads\/2024\/07\/IMG-20240730-WA0016-1024x682.jpg 1024w, https:\/\/sunuentreprise.sn\/wp-content\/uploads\/2024\/07\/IMG-20240730-WA0016-300x200.jpg 300w, https:\/\/sunuentreprise.sn\/wp-content\/uploads\/2024\/07\/IMG-20240730-WA0016-768x512.jpg 768w, https:\/\/sunuentreprise.sn\/wp-content\/uploads\/2024\/07\/IMG-20240730-WA0016-1536x1024.jpg 1536w, https:\/\/sunuentreprise.sn\/wp-content\/uploads\/2024\/07\/IMG-20240730-WA0016-2048x1365.jpg 2048w\" sizes=\"auto, (max-width: 1024px) 100vw, 1024px\" \/><\/figure>\n\n\n\n<p><br>D\u2019apr\u00e8s le ministre de l\u2019Agriculture, de l\u2019\u00e9levage et de la souverainet\u00e9 alimentaire, qui a f\u00e9licit\u00e9 Serigne Mboup d\u00e8s l\u2019entame de ses propos, cette usine va valoriser l&rsquo;expertise, l\u2019abn\u00e9gation et la volont\u00e9 des\u00a0 travailleurs qui ont\u00a0 abouti \u00e0 cette journ\u00e9e.<\/p>\n\n\n\n<figure class=\"wp-block-image size-large\"><img loading=\"lazy\" decoding=\"async\" width=\"1024\" height=\"682\" src=\"http:\/\/sunuentreprise.sn\/wp-content\/uploads\/2024\/07\/IMG-20240730-WA0015-1024x682.jpg\" alt=\"\" class=\"wp-image-2749\" srcset=\"https:\/\/sunuentreprise.sn\/wp-content\/uploads\/2024\/07\/IMG-20240730-WA0015-1024x682.jpg 1024w, https:\/\/sunuentreprise.sn\/wp-content\/uploads\/2024\/07\/IMG-20240730-WA0015-300x200.jpg 300w, https:\/\/sunuentreprise.sn\/wp-content\/uploads\/2024\/07\/IMG-20240730-WA0015-768x512.jpg 768w, https:\/\/sunuentreprise.sn\/wp-content\/uploads\/2024\/07\/IMG-20240730-WA0015-1536x1024.jpg 1536w, https:\/\/sunuentreprise.sn\/wp-content\/uploads\/2024\/07\/IMG-20240730-WA0015-2048x1365.jpg 2048w\" sizes=\"auto, (max-width: 1024px) 100vw, 1024px\" \/><\/figure>\n\n\n\n<p>Mabouba Diagne \u00e0 \u00e9galement fait savoir que cette usine a besoin de 2400 tonnes de fibres pour fonctionner toute l&rsquo;ann\u00e9e. \u00ab Et pour cela nous avons besoin de produire six mille tonnes de graines \u00e0 raison de 3 tonnes \u00e0 l\u2019hectare. Cela veut dire qu&rsquo;on a besoin de cultiver deux milles tonnes et 2000 hectares. La bonne nouvelle c&rsquo;est que les \u00e9tudes g\u00e9ophysiques qui ont \u00e9t\u00e9 faites dans la zone du Nioro et aussi dans les r\u00e9gions du Sud et du sud-est de la Casamance, nous donne l&rsquo;intime conviction qu\u2019en cultivant 2000 hectares, m\u00eame avec une hypoth\u00e8se basse \u00e0 raison de 3 tonnes \u00e0 l\u2019hectare, nous produisons 6000 tonnes de graines et 2400 tonnes de fibres \u00bb a-t-il soutenu.<\/p>\n\n\n\n<p>Il ajoute que le coton exploit\u00e9 abouti \u00e0 l\u2019autosuffisance vestimentaire, \u00ab avec les graines il est possible d\u2019en extraire de l\u2019huile, avec les r\u00e9sidus on peut produire des aliments de b\u00e9tails et les fibres nous avons la mati\u00e8re premi\u00e8re du tissu. avance le Ministre de l\u2019agriculture, de la souverainet\u00e9 alimentaire et de l\u2019\u00e9levage.<\/p>\n\n\n\n<figure class=\"wp-block-image size-full\"><img loading=\"lazy\" decoding=\"async\" width=\"800\" height=\"445\" src=\"http:\/\/sunuentreprise.sn\/wp-content\/uploads\/2024\/07\/domitxka.jpg\" alt=\"\" class=\"wp-image-2742\" srcset=\"https:\/\/sunuentreprise.sn\/wp-content\/uploads\/2024\/07\/domitxka.jpg 800w, https:\/\/sunuentreprise.sn\/wp-content\/uploads\/2024\/07\/domitxka-300x167.jpg 300w, https:\/\/sunuentreprise.sn\/wp-content\/uploads\/2024\/07\/domitxka-768x427.jpg 768w\" sizes=\"auto, (max-width: 800px) 100vw, 800px\" \/><\/figure>\n\n\n\n<p>Les deux Ministres, celui de l&rsquo;Industrie et du Commerce et celui de l&rsquo;Agriculture, ainsi que les diff\u00e9rents orateurs ont tous magnif\u00e9 l&rsquo;engagement patriotique du&nbsp; promoteur Serigne Mboup et le sens \u00e9lev\u00e9 qu&rsquo;il a de l&rsquo;entrepreneuriat.&nbsp;<\/p>\n","protected":false},"excerpt":{"rendered":"<p>La c\u00e9r\u00e9monie de lancement des travaux de relance de<\/p>\n","protected":false},"author":1,"featured_media":2750,"comment_status":"open","ping_status":"open","sticky":true,"template":"","format":"standard","meta":{"footnotes":""},"categories":[13,53,63],"tags":[216,217,220,218],"class_list":["post-2741","post","type-post","status-publish","format-standard","has-post-thumbnail","hentry","category-a-la-une","category-actualites","category-industrie","tag-domitexka","tag-industrie-textile","tag-kahone","tag-usine"],"_links":{"self":[{"href":"https:\/\/sunuentreprise.sn\/index.php\/wp-json\/wp\/v2\/posts\/2741","targetHints":{"allow":["GET"]}}],"collection":[{"href":"https:\/\/sunuentreprise.sn\/index.php\/wp-json\/wp\/v2\/posts"}],"about":[{"href":"https:\/\/sunuentreprise.sn\/index.php\/wp-json\/wp\/v2\/types\/post"}],"author":[{"embeddable":true,"href":"https:\/\/sunuentreprise.sn\/index.php\/wp-json\/wp\/v2\/users\/1"}],"replies":[{"embeddable":true,"href":"https:\/\/sunuentreprise.sn\/index.php\/wp-json\/wp\/v2\/comments?post=2741"}],"version-history":[{"count":2,"href":"https:\/\/sunuentreprise.sn\/index.php\/wp-json\/wp\/v2\/posts\/2741\/revisions"}],"predecessor-version":[{"id":2751,"href":"https:\/\/sunuentreprise.sn\/index.php\/wp-json\/wp\/v2\/posts\/2741\/revisions\/2751"}],"wp:featuredmedia":[{"embeddable":true,"href":"https:\/\/sunuentreprise.sn\/index.php\/wp-json\/wp\/v2\/media\/2750"}],"wp:attachment":[{"href":"https:\/\/sunuentreprise.sn\/index.php\/wp-json\/wp\/v2\/media?parent=2741"}],"wp:term":[{"taxonomy":"category","embeddable":true,"href":"https:\/\/sunuentreprise.sn\/index.php\/wp-json\/wp\/v2\/categories?post=2741"},{"taxonomy":"post_tag","embeddable":true,"href":"https:\/\/sunuentreprise.sn\/index.php\/wp-json\/wp\/v2\/tags?post=2741"}],"curies":[{"name":"wp","href":"https:\/\/api.w.org\/{rel}","templated":true}]}}