{"id":2775,"date":"2024-08-06T17:35:55","date_gmt":"2024-08-06T15:35:55","guid":{"rendered":"https:\/\/sunuentreprise.sn\/?p=2775"},"modified":"2024-08-06T17:35:56","modified_gmt":"2024-08-06T15:35:56","slug":"formation-professionnelle-golf-sud-sur-les-bases-dun-programme-pour-la-formation-et-linsertion-professionnelle-des-jeunes","status":"publish","type":"post","link":"https:\/\/sunuentreprise.sn\/index.php\/2024\/08\/06\/formation-professionnelle-golf-sud-sur-les-bases-dun-programme-pour-la-formation-et-linsertion-professionnelle-des-jeunes\/","title":{"rendered":"FORMATION PROFESSIONNELLE : Golf sud sur les bases d\u2019un programme pour la formation et l\u2019insertion professionnelle des jeunes"},"content":{"rendered":"\n<p>La mairesse de la Commune de Gold Sud, en collaboration avec le minist\u00e8re de la formation professionnelle, a organis\u00e9 un \u00e9v\u00e9nement d\u00e9di\u00e9 \u00e0 la formation professionnelle des jeunes. Ce forum des opportunit\u00e9s qui s\u2019\u00e9tend sur trois jours, du 1er au 3 ao\u00fbt, est une occasion pour les jeunes de b\u00e9n\u00e9ficier d&rsquo;une formation professionnelle, avec des perspectives d\u2019une insertion.<br>C\u2019est le ministre de la formation professionnelle, Moustapha Ndiek Sarr\u00e9, qui a pr\u00e9sid\u00e9 la c\u00e9r\u00e9monie officielle, tenue ce vendredi 2 ao\u00fbt, au si\u00e8ge des cours priv\u00e9s Rose Dieng Kuntz de Golf Sud. En effet, ce rendez-vous d\u00e9di\u00e9 \u00e0 la jeunesse a enregistr\u00e9 la pr\u00e9sence de plusieurs autorit\u00e9s dont le maire de la ville de Gu\u00e9diawaye, Ahmet Aidara, le pr\u00e9fet du d\u00e9partement de Gu\u00e9diawaye , le sous-pr\u00e9fet de Sam Notaire, entre autres.<\/p>\n\n\n\n<figure class=\"wp-block-image size-large\"><img loading=\"lazy\" decoding=\"async\" width=\"1024\" height=\"682\" src=\"http:\/\/sunuentreprise.sn\/wp-content\/uploads\/2024\/08\/moustapha-1024x682.jpg\" alt=\"\" class=\"wp-image-2777\" srcset=\"https:\/\/sunuentreprise.sn\/wp-content\/uploads\/2024\/08\/moustapha-1024x682.jpg 1024w, https:\/\/sunuentreprise.sn\/wp-content\/uploads\/2024\/08\/moustapha-300x200.jpg 300w, https:\/\/sunuentreprise.sn\/wp-content\/uploads\/2024\/08\/moustapha-768x512.jpg 768w, https:\/\/sunuentreprise.sn\/wp-content\/uploads\/2024\/08\/moustapha.jpg 1280w\" sizes=\"auto, (max-width: 1024px) 100vw, 1024px\" \/><\/figure>\n\n\n\n<p>En effet, cet \u00e9v\u00e9nement marqu\u00e9 par des expositions des diff\u00e9rentes structures partenaires \u00e9tait l&rsquo;occasion pour les jeunes, pour bien choisir les offres propos\u00e9es par les secteurs qui les int\u00e9ressent.<\/p>\n\n\n\n<p>L\u2019initiatrice, madame Khadija Mah\u00e9cor Diouf, maire de la commune de Golf Sud, s\u2019est f\u00e9licit\u00e9e&nbsp; de la tenue de ce forum qui a abouti gr\u00e2ce \u00e0 la collaboration et \u00e0 l\u2019engagement du ministre de la formation professionnelle. \u00ab C\u2019est une initiative qui peut transformer notre avenir collectif&#8230;Pour moi nous ne pouvons rien concevoir si nous ne travaillons pas avec la base. Il est important aujourd&rsquo;hui qu&rsquo;on arrive \u00e0 d\u00e9cloisonner l&rsquo;information pour la donner aux b\u00e9n\u00e9ficiaires qui sont les habitants qui sont dans les collectivit\u00e9s que nous allons servir \u00bb soutient Khadija Mah\u00e9cor Diouf.<\/p>\n\n\n\n<p>Dans son discours, elle a cit\u00e9 les nombreux probl\u00e8mes auxquels les jeunes sont confront\u00e9s, en mettant l\u2019accent sur la raret\u00e9 de l\u2019emploi d\u00e9cent : \u00ab Chaque ann\u00e9e plus de 100 000 jeunes arrivent sur le march\u00e9 de l\u2019emploi sans perspectives r\u00e9elles d\u2019emploi \u00bb.<\/p>\n\n\n\n<p>A cet effet, elle consid\u00e8re sa commune comme une commune \u00e0 solutions aux probl\u00e8mes des jeunes. Pour Mme le maire, cette initiative est une r\u00e9ponse face aux demandes de la population sur le sujet.<\/p>\n\n\n\n<figure class=\"wp-block-image size-large\"><img loading=\"lazy\" decoding=\"async\" width=\"1024\" height=\"682\" src=\"http:\/\/sunuentreprise.sn\/wp-content\/uploads\/2024\/08\/khadija-1024x682.jpg\" alt=\"\" class=\"wp-image-2778\" srcset=\"https:\/\/sunuentreprise.sn\/wp-content\/uploads\/2024\/08\/khadija-1024x682.jpg 1024w, https:\/\/sunuentreprise.sn\/wp-content\/uploads\/2024\/08\/khadija-300x200.jpg 300w, https:\/\/sunuentreprise.sn\/wp-content\/uploads\/2024\/08\/khadija-768x512.jpg 768w, https:\/\/sunuentreprise.sn\/wp-content\/uploads\/2024\/08\/khadija.jpg 1280w\" sizes=\"auto, (max-width: 1024px) 100vw, 1024px\" \/><\/figure>\n\n\n\n<p>Selon le ministre de la formation professionnelle, la jeunesse est l\u2019un des leviers du d\u00e9veloppement du pays. \u00ab L\u2019objectif du Minist\u00e8re de la formation professionnelle est de faire en sorte que chaque jeune dispose d\u2019un emploi conforme avec ses comp\u00e9tences pour le d\u00e9veloppement du pays \u00bb a soulign\u00e9 le ministre Moustapha Ndiek Sarr\u00e9.<\/p>\n\n\n\n<p>Dans le m\u00eame sillage, Badara Ndao, adjoint au maire et conseiller sp\u00e9cial de Madame Khadija Mah\u00e9cor Diouf d\u00e9clare : \u00ab ce forum initi\u00e9 par Madame Khadija Mah\u00e9cor Diouf est une opportunit\u00e9 pour les bacheliers et les \u00e9tudiants de trouver une formation professionnelle ad\u00e9quate pour une insertion future mais avec suivi de leur indice de performance. Ce qui constitue un accompagnement de la formation \u00e0 l\u2019insertion professionnelle&nbsp;.&nbsp;\u00bb<\/p>\n\n\n\n<p>A l\u2019ouverture du forum, plus de 1500 visiteurs , \u00e0 la recherche d\u2019opportunit\u00e9s, ont \u00e9t\u00e9 enregistr\u00e9s. Et au terme de ce grand rendez-vous des opportunit\u00e9s, il est attendu que les jeunes qui ont particip\u00e9 \u00e0 ce forum aient une formation pour que dans l\u2019avenir , gr\u00e2ce au suivi qu\u2019ils puissent \u00eatre ins\u00e9r\u00e9s dans le milieu professionnel.&nbsp;<\/p>\n","protected":false},"excerpt":{"rendered":"<p>La mairesse de la Commune de Gold Sud, en<\/p>\n","protected":false},"author":1,"featured_media":2776,"comment_status":"open","ping_status":"open","sticky":true,"template":"","format":"standard","meta":{"footnotes":""},"categories":[13,53],"tags":[230,232,231,233],"class_list":["post-2775","post","type-post","status-publish","format-standard","has-post-thumbnail","hentry","category-a-la-une","category-actualites","tag-formation-professionnelle","tag-forum-des-opportunites","tag-golf-sud","tag-insertion"],"_links":{"self":[{"href":"https:\/\/sunuentreprise.sn\/index.php\/wp-json\/wp\/v2\/posts\/2775","targetHints":{"allow":["GET"]}}],"collection":[{"href":"https:\/\/sunuentreprise.sn\/index.php\/wp-json\/wp\/v2\/posts"}],"about":[{"href":"https:\/\/sunuentreprise.sn\/index.php\/wp-json\/wp\/v2\/types\/post"}],"author":[{"embeddable":true,"href":"https:\/\/sunuentreprise.sn\/index.php\/wp-json\/wp\/v2\/users\/1"}],"replies":[{"embeddable":true,"href":"https:\/\/sunuentreprise.sn\/index.php\/wp-json\/wp\/v2\/comments?post=2775"}],"version-history":[{"count":1,"href":"https:\/\/sunuentreprise.sn\/index.php\/wp-json\/wp\/v2\/posts\/2775\/revisions"}],"predecessor-version":[{"id":2779,"href":"https:\/\/sunuentreprise.sn\/index.php\/wp-json\/wp\/v2\/posts\/2775\/revisions\/2779"}],"wp:featuredmedia":[{"embeddable":true,"href":"https:\/\/sunuentreprise.sn\/index.php\/wp-json\/wp\/v2\/media\/2776"}],"wp:attachment":[{"href":"https:\/\/sunuentreprise.sn\/index.php\/wp-json\/wp\/v2\/media?parent=2775"}],"wp:term":[{"taxonomy":"category","embeddable":true,"href":"https:\/\/sunuentreprise.sn\/index.php\/wp-json\/wp\/v2\/categories?post=2775"},{"taxonomy":"post_tag","embeddable":true,"href":"https:\/\/sunuentreprise.sn\/index.php\/wp-json\/wp\/v2\/tags?post=2775"}],"curies":[{"name":"wp","href":"https:\/\/api.w.org\/{rel}","templated":true}]}}