{"id":2794,"date":"2024-08-10T20:09:23","date_gmt":"2024-08-10T18:09:23","guid":{"rendered":"https:\/\/sunuentreprise.sn\/?p=2794"},"modified":"2024-08-10T20:09:24","modified_gmt":"2024-08-10T18:09:24","slug":"normalisation-et-qualite-le-ministre-serigne-gueye-diop-incite-les-entreprises-a-aller-se-faire-certifier","status":"publish","type":"post","link":"https:\/\/sunuentreprise.sn\/index.php\/2024\/08\/10\/normalisation-et-qualite-le-ministre-serigne-gueye-diop-incite-les-entreprises-a-aller-se-faire-certifier\/","title":{"rendered":"NORMALISATION ET QUALIT\u00c9 : Le ministre Serigne Gueye Diop incite les entreprises \u00e0 aller se faire certifier"},"content":{"rendered":"\n<p>Le ministre de l\u2019Industrie et du Commerce, Serigne Gu\u00e8ye Diop a pr\u00e9sid\u00e9 ce jeudi 8 Ao\u00fbt la c\u00e9r\u00e9monie de cl\u00f4ture des journ\u00e9es de r\u00e9flexion sur la politique nationale de la qualit\u00e9 \u00e0 Diamniadio.<\/p>\n\n\n\n<p>Dans son discours, le ministre Serigne Gueye Diop a soulign\u00e9 l\u2019importance de la qualit\u00e9 et de la normalisation qui jouent un r\u00f4le \u201ccrucial\u201d dans le d\u00e9veloppement \u00e9conomique durable en assurant l\u2019harmonisation des pratiques, la qualit\u00e9 des produits et services, la s\u00e9curit\u00e9, la compatibilit\u00e9 et l\u2019innovation.<\/p>\n\n\n\n<p>\u00ab Il faut faire le bilan de ces 60 derni\u00e8res ann\u00e9es de qualit\u00e9 pour voir comment on veut la qualit\u00e9 dans 10 ans ( 2025 2035) je pense c&rsquo;est le sens de cet atelier de r\u00e9fl\u00e9chir d&rsquo;abord sur le bilan pour voir tous les points positifs en termes de r\u00e9alisations et en termes communication pour voir est ce que le s\u00e9n\u00e9galais lambda est conscient de ce qu\u2019il consomme \u00bb, pour le ministre ce sont ces questions qu\u2019il faut se poser. Il a montr\u00e9 sa satisfaction sur ce qui lui a \u00e9t\u00e9 pr\u00e9sent\u00e9.&nbsp;<\/p>\n\n\n\n<p>Par ailleurs, le ministre a lanc\u00e9 un appel aux GIE d\u2019hommes et de femmes \u00e0 aller se faire certifier car \u00ab \u00e7a permet de gagner de nouveaux march\u00e9s \u00e7a leur permet aussi de s\u2019ouvrir \u00e0 l\u2019international, \u00e0 se lancer au march\u00e9 de l&rsquo;Union europ\u00e9enne \u00e0 l&rsquo;am\u00e9ricaine \u00bb. Il a \u00e9galement&nbsp; lanc\u00e9 un appel au patronat national s\u00e9n\u00e9galais qui, tant au niveau des PME qu\u2019au niveau des grandes entreprises, doit aussi se mettre aux normes de qualit\u00e9 simplifi\u00e9e internationale.<\/p>\n\n\n\n<p>En parall\u00e8le , le ministre de l\u2019Industrie et du commerce compte encourager les minist\u00e8res et les directions \u00e0 aller se certifier pour donner le bon exemple.<\/p>\n\n\n\n<p>Dr Serigne Gueye DIOP, par ailleurs, ing\u00e9nieur et expert en qualit\u00e9,&nbsp; a soulign\u00e9 la n\u00e9cessit\u00e9 d&rsquo;\u00e9riger l&rsquo;Association S\u00e9n\u00e9galaise de Normalisation en une grande agence appel\u00e9e \u00e0 jouer un r\u00f4le capital dans le d\u00e9veloppement \u00e9conomique durable en assurant l\u2019harmonisation des pratiques, la qualit\u00e9 des produits et services, la s\u00e9curit\u00e9, la compatibilit\u00e9 et l\u2019innovation.<br>C\u2019est dans cette perspective qu&rsquo;il a annonc\u00e9 la d\u00e9cision de mettre en place une Agence ou Direction qualit\u00e9 au sein du minist\u00e8re pour stimuler la culture de la performance et de l\u2019excellence, la bonne gouvernance, la transparence \u00e0 travers la mise en place de process clairs.<\/p>\n\n\n\n<p>Le Ministre de l&rsquo;Industrie et du Commerce a par ailleurs, re\u00e7u au nom du Gouvernement s\u00e9n\u00e9galais, la Certification ISO 9001de l&rsquo;Association S\u00e9n\u00e9galaise de Normalisation, accr\u00e9dit\u00e9e par le Syst\u00e8me Ouest Africain d&rsquo;Accr\u00e9ditation (SOAC).<\/p>\n\n\n\n<p>Avant de cl\u00f4turer,\u00a0 Dr Serigne Gueye DIOP a officiellement lanc\u00e9 la 10\u00e8me \u00e9dition du Prix Oscar national de la qualit\u00e9 qui promeut la culture de la qualit\u00e9 et la comp\u00e9titivit\u00e9 des biens et services offerts par les entreprises s\u00e9n\u00e9galaises, publiques ou priv\u00e9es.<\/p>\n","protected":false},"excerpt":{"rendered":"<p>Le ministre de l\u2019Industrie et du Commerce, Serigne Gu\u00e8ye<\/p>\n","protected":false},"author":1,"featured_media":2795,"comment_status":"open","ping_status":"open","sticky":true,"template":"","format":"standard","meta":{"footnotes":""},"categories":[13,53,4],"tags":[244,243,242,240,241],"class_list":["post-2794","post","type-post","status-publish","format-standard","has-post-thumbnail","hentry","category-a-la-une","category-actualites","category-pme-pmi","tag-certifie","tag-entreprises","tag-ministre-serigne-gueye-diop","tag-normalisation","tag-qualite"],"_links":{"self":[{"href":"https:\/\/sunuentreprise.sn\/index.php\/wp-json\/wp\/v2\/posts\/2794","targetHints":{"allow":["GET"]}}],"collection":[{"href":"https:\/\/sunuentreprise.sn\/index.php\/wp-json\/wp\/v2\/posts"}],"about":[{"href":"https:\/\/sunuentreprise.sn\/index.php\/wp-json\/wp\/v2\/types\/post"}],"author":[{"embeddable":true,"href":"https:\/\/sunuentreprise.sn\/index.php\/wp-json\/wp\/v2\/users\/1"}],"replies":[{"embeddable":true,"href":"https:\/\/sunuentreprise.sn\/index.php\/wp-json\/wp\/v2\/comments?post=2794"}],"version-history":[{"count":1,"href":"https:\/\/sunuentreprise.sn\/index.php\/wp-json\/wp\/v2\/posts\/2794\/revisions"}],"predecessor-version":[{"id":2796,"href":"https:\/\/sunuentreprise.sn\/index.php\/wp-json\/wp\/v2\/posts\/2794\/revisions\/2796"}],"wp:featuredmedia":[{"embeddable":true,"href":"https:\/\/sunuentreprise.sn\/index.php\/wp-json\/wp\/v2\/media\/2795"}],"wp:attachment":[{"href":"https:\/\/sunuentreprise.sn\/index.php\/wp-json\/wp\/v2\/media?parent=2794"}],"wp:term":[{"taxonomy":"category","embeddable":true,"href":"https:\/\/sunuentreprise.sn\/index.php\/wp-json\/wp\/v2\/categories?post=2794"},{"taxonomy":"post_tag","embeddable":true,"href":"https:\/\/sunuentreprise.sn\/index.php\/wp-json\/wp\/v2\/tags?post=2794"}],"curies":[{"name":"wp","href":"https:\/\/api.w.org\/{rel}","templated":true}]}}