{"id":2826,"date":"2024-08-19T18:40:53","date_gmt":"2024-08-19T16:40:53","guid":{"rendered":"https:\/\/sunuentreprise.sn\/?p=2826"},"modified":"2024-08-19T18:40:54","modified_gmt":"2024-08-19T16:40:54","slug":"entrepreneuriat-feminin-ladepme-presente-ses-offres-daccompagnement-au-reseau-de-femmes-entrepreneures-africaines","status":"publish","type":"post","link":"https:\/\/sunuentreprise.sn\/index.php\/2024\/08\/19\/entrepreneuriat-feminin-ladepme-presente-ses-offres-daccompagnement-au-reseau-de-femmes-entrepreneures-africaines\/","title":{"rendered":"ENTREPRENEURIAT FEMININ : L\u2019ADEPME pr\u00e9sente ses offres d\u2019accompagnement au r\u00e9seau de Femmes entrepreneures africaines"},"content":{"rendered":"\n<p>L\u2019ADEPME a accueilli les nouvelles adh\u00e9rentes du r\u00e9seau Femmes Entrepreneures Africaines (FENTA) lors d&rsquo;une session d&rsquo;information sp\u00e9cialement organis\u00e9e pour elles.<\/p>\n\n\n\n<p>Cette rencontre avait pour objectif de faire d\u00e9couvrir \u00e0 Fenta les offres de l&rsquo;ADEPME adapt\u00e9es aux besoins sp\u00e9cifiques de chaque entrepreneure, de recueillir leurs retours et comprendre les d\u00e9fis qu&rsquo;elles rencontrent et renforcer un partenariat de longue date, fond\u00e9 sur la confiance et la transparence.<\/p>\n\n\n\n<p>Yacine Dia Ndiaye, fondatrice de FENTA, et Mme Diallo Diari\u00e9tou N. YOUM, Responsable de la Formalisation et de la G\u00e9n\u00e9ration d&rsquo;entreprises de l\u2019ADEPME ont co-pr\u00e9sid\u00e9 la session.<\/p>\n\n\n\n<figure class=\"wp-block-image size-large\"><img loading=\"lazy\" decoding=\"async\" width=\"1024\" height=\"791\" src=\"http:\/\/sunuentreprise.sn\/wp-content\/uploads\/2024\/08\/455884714_905154764976748_4199147992230596943_n-1024x791.jpg\" alt=\"\" class=\"wp-image-2828\" srcset=\"https:\/\/sunuentreprise.sn\/wp-content\/uploads\/2024\/08\/455884714_905154764976748_4199147992230596943_n-1024x791.jpg 1024w, https:\/\/sunuentreprise.sn\/wp-content\/uploads\/2024\/08\/455884714_905154764976748_4199147992230596943_n-300x232.jpg 300w, https:\/\/sunuentreprise.sn\/wp-content\/uploads\/2024\/08\/455884714_905154764976748_4199147992230596943_n-768x593.jpg 768w, https:\/\/sunuentreprise.sn\/wp-content\/uploads\/2024\/08\/455884714_905154764976748_4199147992230596943_n-1536x1187.jpg 1536w, https:\/\/sunuentreprise.sn\/wp-content\/uploads\/2024\/08\/455884714_905154764976748_4199147992230596943_n.jpg 2000w\" sizes=\"auto, (max-width: 1024px) 100vw, 1024px\" \/><\/figure>\n\n\n\n<p>Cet atelier \u00e9tait l\u2019occasion pour l\u2019ADEPME de rappeler l\u2019accompagnement fait \u00e0 travers plusieurs initiatives pour Fenta. En effet, lit-on sur la note publi\u00e9e sur la page de l\u2019Agence, Fenta a \u00e9t\u00e9 accompagn\u00e9e dans \u00ab des missions de prospection \u00e9conomique et de benchmark effectu\u00e9es au Rwanda et en C\u00f4te d&rsquo;Ivoire, la mise en place de FENTA MARKET, une plateforme de e-commerce d\u00e9di\u00e9e aux r\u00e9alisations des entrepreneures s\u00e9n\u00e9galaises, et l&rsquo;am\u00e9lioration de la gestion gr\u00e2ce \u00e0 des outils de comptabilit\u00e9 \u00bb.<\/p>\n\n\n\n<p>Ainsi, ces sessions de formation et de coaching viennent&nbsp; renforcer les comp\u00e9tences techniques en management et en soft skills. Elles permettent \u00e9galement de mettre l\u2019accent sur des caravanes de sensibilisation \u00e0 la formalisation et des formations pour les jeunes aspirants entrepreneurs.<\/p>\n","protected":false},"excerpt":{"rendered":"<p>L\u2019ADEPME a accueilli les nouvelles adh\u00e9rentes du r\u00e9seau Femmes<\/p>\n","protected":false},"author":1,"featured_media":2829,"comment_status":"open","ping_status":"open","sticky":true,"template":"","format":"standard","meta":{"footnotes":""},"categories":[13,53,4],"tags":[127,144,255,78,260],"class_list":["post-2826","post","type-post","status-publish","format-standard","has-post-thumbnail","hentry","category-a-la-une","category-actualites","category-pme-pmi","tag-accompagnement","tag-adepme","tag-entrepreneures","tag-femme","tag-fenta"],"_links":{"self":[{"href":"https:\/\/sunuentreprise.sn\/index.php\/wp-json\/wp\/v2\/posts\/2826","targetHints":{"allow":["GET"]}}],"collection":[{"href":"https:\/\/sunuentreprise.sn\/index.php\/wp-json\/wp\/v2\/posts"}],"about":[{"href":"https:\/\/sunuentreprise.sn\/index.php\/wp-json\/wp\/v2\/types\/post"}],"author":[{"embeddable":true,"href":"https:\/\/sunuentreprise.sn\/index.php\/wp-json\/wp\/v2\/users\/1"}],"replies":[{"embeddable":true,"href":"https:\/\/sunuentreprise.sn\/index.php\/wp-json\/wp\/v2\/comments?post=2826"}],"version-history":[{"count":1,"href":"https:\/\/sunuentreprise.sn\/index.php\/wp-json\/wp\/v2\/posts\/2826\/revisions"}],"predecessor-version":[{"id":2830,"href":"https:\/\/sunuentreprise.sn\/index.php\/wp-json\/wp\/v2\/posts\/2826\/revisions\/2830"}],"wp:featuredmedia":[{"embeddable":true,"href":"https:\/\/sunuentreprise.sn\/index.php\/wp-json\/wp\/v2\/media\/2829"}],"wp:attachment":[{"href":"https:\/\/sunuentreprise.sn\/index.php\/wp-json\/wp\/v2\/media?parent=2826"}],"wp:term":[{"taxonomy":"category","embeddable":true,"href":"https:\/\/sunuentreprise.sn\/index.php\/wp-json\/wp\/v2\/categories?post=2826"},{"taxonomy":"post_tag","embeddable":true,"href":"https:\/\/sunuentreprise.sn\/index.php\/wp-json\/wp\/v2\/tags?post=2826"}],"curies":[{"name":"wp","href":"https:\/\/api.w.org\/{rel}","templated":true}]}}