{"id":2831,"date":"2024-08-19T18:50:06","date_gmt":"2024-08-19T16:50:06","guid":{"rendered":"https:\/\/sunuentreprise.sn\/?p=2831"},"modified":"2024-08-19T18:50:07","modified_gmt":"2024-08-19T16:50:07","slug":"visite-le-directeur-general-de-lapix-reitere-son-soutien-pour-accompagner-lentreprise-minam-export-dans-ses-exploitations-agricoles","status":"publish","type":"post","link":"https:\/\/sunuentreprise.sn\/index.php\/2024\/08\/19\/visite-le-directeur-general-de-lapix-reitere-son-soutien-pour-accompagner-lentreprise-minam-export-dans-ses-exploitations-agricoles\/","title":{"rendered":"VISITE: Le Directeur G\u00e9n\u00e9ral de l&rsquo;Apix r\u00e9it\u00e8re son soutien pour accompagner l&rsquo;entreprise Minam Export dans ses exploitations agricoles"},"content":{"rendered":"\n<p>Le Directeur G\u00e9n\u00e9ral de l&rsquo;APIX, Bakary S\u00e9ga BATHILY, s\u2019est rendu, ce vendredi 16 ao\u00fbt, \u00e0 POUT, pour visiter&nbsp; les exploitations agricoles de Minam Export de l&rsquo;op\u00e9rateur \u00e9conomique Serigne Cheikh Awa Balla Mback\u00e9.<\/p>\n\n\n\n<p>En partageant les nouvelles orientations du Pr\u00e9sident de la R\u00e9publique, Son Excellence, Bassirou Diomaye Faye, en mati\u00e8re de politique agricole notamment la souverainet\u00e9 alimentaire, le directeur de l\u2019Apix a rassur\u00e9 le promoteur de Minam Export. Il a r\u00e9affirm\u00e9&nbsp; le soutien et l\u2019accompagnement de Apix S-A aupr\u00e8s des entrepreneurs.<\/p>\n\n\n\n<figure class=\"wp-block-image size-large\"><img loading=\"lazy\" decoding=\"async\" width=\"1024\" height=\"805\" src=\"http:\/\/sunuentreprise.sn\/wp-content\/uploads\/2024\/08\/455323742_809799897997883_4171749695191814742_n-1024x805.jpg\" alt=\"\" class=\"wp-image-2835\" srcset=\"https:\/\/sunuentreprise.sn\/wp-content\/uploads\/2024\/08\/455323742_809799897997883_4171749695191814742_n-1024x805.jpg 1024w, https:\/\/sunuentreprise.sn\/wp-content\/uploads\/2024\/08\/455323742_809799897997883_4171749695191814742_n-300x236.jpg 300w, https:\/\/sunuentreprise.sn\/wp-content\/uploads\/2024\/08\/455323742_809799897997883_4171749695191814742_n-768x604.jpg 768w, https:\/\/sunuentreprise.sn\/wp-content\/uploads\/2024\/08\/455323742_809799897997883_4171749695191814742_n-1536x1208.jpg 1536w, https:\/\/sunuentreprise.sn\/wp-content\/uploads\/2024\/08\/455323742_809799897997883_4171749695191814742_n.jpg 2048w\" sizes=\"auto, (max-width: 1024px) 100vw, 1024px\" \/><\/figure>\n\n\n\n<p>D\u2019apr\u00e8s M. Bathily, les Zones \u00e9conomiques sp\u00e9ciales ou les Zones am\u00e9nag\u00e9es pour l\u2019investissement sont une opportunit\u00e9 pour des op\u00e9rateurs priv\u00e9s comme Cheikh Awa Balla Mback\u00e9 d\u2019am\u00e9liorer le secteur de la transformation des produits agricoles.<\/p>\n\n\n\n<p>Pour le Dg de l\u2019Apix, il est plus raisonnable et logique de soutenir les exploitants agricoles qui sont les champions nationaux pour atteindre la vision fix\u00e9e par le chef de l&rsquo;Etat.<\/p>\n\n\n\n<p>Consid\u00e9r\u00e9 comme un mod\u00e8le de r\u00e9ussite, Minam Export maintient sa collaboration avec l\u2019Apix depuis sa cr\u00e9ation en 2002. L\u2019entreprise offre une gamme tr\u00e8s diversifi\u00e9e et en quantit\u00e9 suffisante de produits dont principalement les l\u00e9gumes feuilles, les l\u00e9gumes fruits, les l\u00e9gumes racines et bulbes. Elle exporte essentiellement le haricot vert et la mangue vers l\u2019Union Europ\u00e9en, et l\u2019Asie.<\/p>\n\n\n\n<figure class=\"wp-block-image size-large\"><img loading=\"lazy\" decoding=\"async\" width=\"1024\" height=\"683\" src=\"http:\/\/sunuentreprise.sn\/wp-content\/uploads\/2024\/08\/455698361_809800061331200_4643057649926132843_n-1024x683.jpg\" alt=\"\" class=\"wp-image-2833\" srcset=\"https:\/\/sunuentreprise.sn\/wp-content\/uploads\/2024\/08\/455698361_809800061331200_4643057649926132843_n-1024x683.jpg 1024w, https:\/\/sunuentreprise.sn\/wp-content\/uploads\/2024\/08\/455698361_809800061331200_4643057649926132843_n-300x200.jpg 300w, https:\/\/sunuentreprise.sn\/wp-content\/uploads\/2024\/08\/455698361_809800061331200_4643057649926132843_n-768x512.jpg 768w, https:\/\/sunuentreprise.sn\/wp-content\/uploads\/2024\/08\/455698361_809800061331200_4643057649926132843_n-1536x1024.jpg 1536w, https:\/\/sunuentreprise.sn\/wp-content\/uploads\/2024\/08\/455698361_809800061331200_4643057649926132843_n.jpg 2048w\" sizes=\"auto, (max-width: 1024px) 100vw, 1024px\" \/><\/figure>\n\n\n\n<p>Le promoteur de Minam Export se f\u00e9licite de l\u2019accompagnement de l\u2019Agence. Malgr\u00e9 quelques all\u00e9gements not\u00e9s sur le soutien de ses grands travaux, Minam Export fait partie des entreprises qui ambitionnent de mettre en place&nbsp; une usine de transformation d\u2019apr\u00e8s Serigne Cheikh Awa Balla. Ce dernier affirme pouvoir apporter de la plus value \u00e0 la pomme de terre et \u00e0 l\u2019oignon local en respectant les standards internationaux.&nbsp;<\/p>\n\n\n\n<figure class=\"wp-block-image size-large\"><img loading=\"lazy\" decoding=\"async\" width=\"1024\" height=\"685\" src=\"http:\/\/sunuentreprise.sn\/wp-content\/uploads\/2024\/08\/455713081_809800054664534_514378449373203782_n-1024x685.jpg\" alt=\"\" class=\"wp-image-2832\" srcset=\"https:\/\/sunuentreprise.sn\/wp-content\/uploads\/2024\/08\/455713081_809800054664534_514378449373203782_n-1024x685.jpg 1024w, https:\/\/sunuentreprise.sn\/wp-content\/uploads\/2024\/08\/455713081_809800054664534_514378449373203782_n-300x201.jpg 300w, https:\/\/sunuentreprise.sn\/wp-content\/uploads\/2024\/08\/455713081_809800054664534_514378449373203782_n-768x513.jpg 768w, https:\/\/sunuentreprise.sn\/wp-content\/uploads\/2024\/08\/455713081_809800054664534_514378449373203782_n-1536x1027.jpg 1536w, https:\/\/sunuentreprise.sn\/wp-content\/uploads\/2024\/08\/455713081_809800054664534_514378449373203782_n.jpg 2048w\" sizes=\"auto, (max-width: 1024px) 100vw, 1024px\" \/><\/figure>\n","protected":false},"excerpt":{"rendered":"<p>Le Directeur G\u00e9n\u00e9ral de l&rsquo;APIX, Bakary S\u00e9ga BATHILY, s\u2019est<\/p>\n","protected":false},"author":1,"featured_media":2834,"comment_status":"open","ping_status":"open","sticky":true,"template":"","format":"standard","meta":{"footnotes":""},"categories":[13,53,65,64,4],"tags":[127,262,261,263],"class_list":["post-2831","post","type-post","status-publish","format-standard","has-post-thumbnail","hentry","category-a-la-une","category-actualites","category-agriculture-elevage","category-commerce","category-pme-pmi","tag-accompagnement","tag-apix","tag-minam-export","tag-usine-de-transformation"],"_links":{"self":[{"href":"https:\/\/sunuentreprise.sn\/index.php\/wp-json\/wp\/v2\/posts\/2831","targetHints":{"allow":["GET"]}}],"collection":[{"href":"https:\/\/sunuentreprise.sn\/index.php\/wp-json\/wp\/v2\/posts"}],"about":[{"href":"https:\/\/sunuentreprise.sn\/index.php\/wp-json\/wp\/v2\/types\/post"}],"author":[{"embeddable":true,"href":"https:\/\/sunuentreprise.sn\/index.php\/wp-json\/wp\/v2\/users\/1"}],"replies":[{"embeddable":true,"href":"https:\/\/sunuentreprise.sn\/index.php\/wp-json\/wp\/v2\/comments?post=2831"}],"version-history":[{"count":1,"href":"https:\/\/sunuentreprise.sn\/index.php\/wp-json\/wp\/v2\/posts\/2831\/revisions"}],"predecessor-version":[{"id":2836,"href":"https:\/\/sunuentreprise.sn\/index.php\/wp-json\/wp\/v2\/posts\/2831\/revisions\/2836"}],"wp:featuredmedia":[{"embeddable":true,"href":"https:\/\/sunuentreprise.sn\/index.php\/wp-json\/wp\/v2\/media\/2834"}],"wp:attachment":[{"href":"https:\/\/sunuentreprise.sn\/index.php\/wp-json\/wp\/v2\/media?parent=2831"}],"wp:term":[{"taxonomy":"category","embeddable":true,"href":"https:\/\/sunuentreprise.sn\/index.php\/wp-json\/wp\/v2\/categories?post=2831"},{"taxonomy":"post_tag","embeddable":true,"href":"https:\/\/sunuentreprise.sn\/index.php\/wp-json\/wp\/v2\/tags?post=2831"}],"curies":[{"name":"wp","href":"https:\/\/api.w.org\/{rel}","templated":true}]}}