{"id":2843,"date":"2024-08-20T20:00:56","date_gmt":"2024-08-20T18:00:56","guid":{"rendered":"https:\/\/sunuentreprise.sn\/?p=2843"},"modified":"2024-08-20T20:01:03","modified_gmt":"2024-08-20T18:01:03","slug":"energie-dakar-capitale-de-lindustrie-energetique-ouest-africaine-les-3-et-4-decembre-prochain","status":"publish","type":"post","link":"https:\/\/sunuentreprise.sn\/index.php\/2024\/08\/20\/energie-dakar-capitale-de-lindustrie-energetique-ouest-africaine-les-3-et-4-decembre-prochain\/","title":{"rendered":"ENERGIE : Dakar, capitale de l\u2019Industrie \u00e9nerg\u00e9tique ouest-africaine les 3 et 4 d\u00e9cembre prochain"},"content":{"rendered":"\n<p>La quatri\u00e8me \u00e9dition de la conf\u00e9rence internationale sur le p\u00e9trole, le gaz et&nbsp; l\u2019\u00e9lectricit\u00e9 \u00e0 l\u2019initiative de Energy Capital &amp; Power (ECP),se tiendra \u00e0 Dakar les 3 et 4 d\u00e9cembre 2024.<br>L\u2019 annonce a \u00e9t\u00e9 faite \u00e0 travers un communiqu\u00e9 parcouru par le site de l\u2019APS.<\/p>\n\n\n\n<p>L\u2019objet de cette conf\u00e9rence consiste \u00e0 rassembler les acteurs de l\u2019industrie \u00e9nerg\u00e9tique ouest-africaine et mondiale. Il est attendu de cet \u00e9v\u00e9nement un cadre pour trouver \u00ab des partenariats, en vue de signer des accords et faire progresser le d\u00e9veloppement de projets, conform\u00e9ment aux objectifs de s\u00e9curit\u00e9 \u00e9nerg\u00e9tique et de transition juste \u00bb, d\u2019apr\u00e8s l\u2019Agence de Presse S\u00e9n\u00e9galaise.<\/p>\n\n\n\n<p>La tenue de cette conf\u00e9rence sur l\u2019\u00e9nergie en Afrique de l\u2019Ouest au S\u00e9n\u00e9gal co\u00efncidera avec le d\u00e9marrage des premi\u00e8res productions de p\u00e9trole.<\/p>\n\n\n\n<p>Il est pr\u00e9vu lors de cette conf\u00e9rence de miser sur ces initiatives r\u00e9ussies qui vont entra\u00eener de nouveaux investissements dans les opportunit\u00e9s \u00e9nerg\u00e9tiques.<\/p>\n\n\n\n<p>D\u2019apr\u00e8s l\u2019organisateur de l&rsquo;\u00e9v\u00e9nement, les soci\u00e9t\u00e9s d\u2019exploration et de production, les fournisseurs de technologie et de services, ainsi que les investisseurs du paysage africain et mondial repr\u00e9sentent un fort potentiel de la r\u00e9gion ouest-africaine.&nbsp;<\/p>\n","protected":false},"excerpt":{"rendered":"<p>La quatri\u00e8me \u00e9dition de la conf\u00e9rence internationale sur le<\/p>\n","protected":false},"author":1,"featured_media":2844,"comment_status":"open","ping_status":"open","sticky":true,"template":"","format":"standard","meta":{"footnotes":""},"categories":[13,53,60],"tags":[269,268,158,70,102],"class_list":["post-2843","post","type-post","status-publish","format-standard","has-post-thumbnail","hentry","category-a-la-une","category-actualites","category-energie-environnement","tag-dakar","tag-energie-2","tag-gaz","tag-industrie","tag-petrole"],"_links":{"self":[{"href":"https:\/\/sunuentreprise.sn\/index.php\/wp-json\/wp\/v2\/posts\/2843","targetHints":{"allow":["GET"]}}],"collection":[{"href":"https:\/\/sunuentreprise.sn\/index.php\/wp-json\/wp\/v2\/posts"}],"about":[{"href":"https:\/\/sunuentreprise.sn\/index.php\/wp-json\/wp\/v2\/types\/post"}],"author":[{"embeddable":true,"href":"https:\/\/sunuentreprise.sn\/index.php\/wp-json\/wp\/v2\/users\/1"}],"replies":[{"embeddable":true,"href":"https:\/\/sunuentreprise.sn\/index.php\/wp-json\/wp\/v2\/comments?post=2843"}],"version-history":[{"count":1,"href":"https:\/\/sunuentreprise.sn\/index.php\/wp-json\/wp\/v2\/posts\/2843\/revisions"}],"predecessor-version":[{"id":2845,"href":"https:\/\/sunuentreprise.sn\/index.php\/wp-json\/wp\/v2\/posts\/2843\/revisions\/2845"}],"wp:featuredmedia":[{"embeddable":true,"href":"https:\/\/sunuentreprise.sn\/index.php\/wp-json\/wp\/v2\/media\/2844"}],"wp:attachment":[{"href":"https:\/\/sunuentreprise.sn\/index.php\/wp-json\/wp\/v2\/media?parent=2843"}],"wp:term":[{"taxonomy":"category","embeddable":true,"href":"https:\/\/sunuentreprise.sn\/index.php\/wp-json\/wp\/v2\/categories?post=2843"},{"taxonomy":"post_tag","embeddable":true,"href":"https:\/\/sunuentreprise.sn\/index.php\/wp-json\/wp\/v2\/tags?post=2843"}],"curies":[{"name":"wp","href":"https:\/\/api.w.org\/{rel}","templated":true}]}}