{"id":2850,"date":"2024-08-21T19:56:26","date_gmt":"2024-08-21T17:56:26","guid":{"rendered":"https:\/\/sunuentreprise.sn\/?p=2850"},"modified":"2024-08-21T19:58:49","modified_gmt":"2024-08-21T17:58:49","slug":"partenariat-le-3fpt-et-ladepme-saccordent-sur-une-convention-pour-un-accompagnement-fecond-des-beneficiaires","status":"publish","type":"post","link":"https:\/\/sunuentreprise.sn\/index.php\/2024\/08\/21\/partenariat-le-3fpt-et-ladepme-saccordent-sur-une-convention-pour-un-accompagnement-fecond-des-beneficiaires\/","title":{"rendered":"PARTENARIAT : Le 3FPT et l&rsquo;ADEPME s\u2019accordent sur une convention pour un accompagnement f\u00e9cond des b\u00e9n\u00e9ficiaires\u00a0"},"content":{"rendered":"\n<p>La Directrice g\u00e9n\u00e9rale de l&rsquo;ADEPME, Mme Marie Rose Faye et le Directeur g\u00e9n\u00e9ral du 3FPT, Dr Babo Amadou BA se sont rencontr\u00e9s ce mardi 20 ao\u00fbt 2024 dans les locaux du 3FPT.<br>L\u2019objet de cette rencontre a port\u00e9 sur les relations tr\u00e8s \u00e9troites entre ces deux institutions et la forte compl\u00e9mentarit\u00e9 entre leurs missions.<br>Cette rencontre a permis \u00e0 l\u2019ADEPME et le 3FPT de revenir respectivement en d\u00e9tail sur leurs missions, leurs visions respectives et leurs grandes ambitions pour le d\u00e9veloppement des PME et la cr\u00e9ation d&#8217;emplois.<br>Les conclusions tir\u00e9es de leur discussion ont \u00e9t\u00e9 orient\u00e9es sur la n\u00e9cessit\u00e9 de donner une nouvelle dynamique \u00e0 leur collaboration avec une convention de partenariat. Cette convention de partenariat va permettre une meilleure exploitation de la compl\u00e9mentarit\u00e9 entre leurs services, en termes d&rsquo;enr\u00f4lement, d&rsquo;accompagnement et de suivi de leurs b\u00e9n\u00e9ficiaires.<br><br>Pour la formation d\u2019 un groupe compact, homog\u00e8ne et articul\u00e9, l\u2019 Agence de D\u00e9veloppement et d&rsquo;Encadrement des Petites et Moyennes Entreprises et le Fonds De Financement De la Formation Professionnelle Et Technique se sont accord\u00e9s \u00e0 s&rsquo;ouvrir \u00e0 l&rsquo;APIX, \u00e0 la DER et \u00e0 l&rsquo;ANPEJ ; des structures cl\u00e9s pour soutenir l\u2019entrepreneuriat et l\u2019emploi des jeunes au S\u00e9n\u00e9gal pour une prise en charge efficace et efficiente des besoins des entrepreneurs et des Petites et Moyennes Entreprises.\u00a0<\/p>\n","protected":false},"excerpt":{"rendered":"<p>La Directrice g\u00e9n\u00e9rale de l&rsquo;ADEPME, Mme Marie Rose Faye<\/p>\n","protected":false},"author":1,"featured_media":2851,"comment_status":"open","ping_status":"open","sticky":true,"template":"","format":"standard","meta":{"footnotes":""},"categories":[13,53,4],"tags":[266,127,144,214,210],"class_list":["post-2850","post","type-post","status-publish","format-standard","has-post-thumbnail","hentry","category-a-la-une","category-actualites","category-pme-pmi","tag-3fpt","tag-accompagnement","tag-adepme","tag-convention","tag-partenariat"],"_links":{"self":[{"href":"https:\/\/sunuentreprise.sn\/index.php\/wp-json\/wp\/v2\/posts\/2850","targetHints":{"allow":["GET"]}}],"collection":[{"href":"https:\/\/sunuentreprise.sn\/index.php\/wp-json\/wp\/v2\/posts"}],"about":[{"href":"https:\/\/sunuentreprise.sn\/index.php\/wp-json\/wp\/v2\/types\/post"}],"author":[{"embeddable":true,"href":"https:\/\/sunuentreprise.sn\/index.php\/wp-json\/wp\/v2\/users\/1"}],"replies":[{"embeddable":true,"href":"https:\/\/sunuentreprise.sn\/index.php\/wp-json\/wp\/v2\/comments?post=2850"}],"version-history":[{"count":2,"href":"https:\/\/sunuentreprise.sn\/index.php\/wp-json\/wp\/v2\/posts\/2850\/revisions"}],"predecessor-version":[{"id":2853,"href":"https:\/\/sunuentreprise.sn\/index.php\/wp-json\/wp\/v2\/posts\/2850\/revisions\/2853"}],"wp:featuredmedia":[{"embeddable":true,"href":"https:\/\/sunuentreprise.sn\/index.php\/wp-json\/wp\/v2\/media\/2851"}],"wp:attachment":[{"href":"https:\/\/sunuentreprise.sn\/index.php\/wp-json\/wp\/v2\/media?parent=2850"}],"wp:term":[{"taxonomy":"category","embeddable":true,"href":"https:\/\/sunuentreprise.sn\/index.php\/wp-json\/wp\/v2\/categories?post=2850"},{"taxonomy":"post_tag","embeddable":true,"href":"https:\/\/sunuentreprise.sn\/index.php\/wp-json\/wp\/v2\/tags?post=2850"}],"curies":[{"name":"wp","href":"https:\/\/api.w.org\/{rel}","templated":true}]}}