{"id":2883,"date":"2024-09-10T12:53:51","date_gmt":"2024-09-10T10:53:51","guid":{"rendered":"https:\/\/sunuentreprise.sn\/?p=2883"},"modified":"2024-09-10T12:53:52","modified_gmt":"2024-09-10T10:53:52","slug":"semaine-du-pain-la-fnbs-soutient-la-dynamique-de-la-souverainete-alimentaire-avec-les-cereales-locales","status":"publish","type":"post","link":"https:\/\/sunuentreprise.sn\/index.php\/2024\/09\/10\/semaine-du-pain-la-fnbs-soutient-la-dynamique-de-la-souverainete-alimentaire-avec-les-cereales-locales\/","title":{"rendered":"SEMAINE DU PAIN\u00a0: La FNBS soutient la dynamique de la souverainet\u00e9 alimentaire avec les c\u00e9r\u00e9ales locales"},"content":{"rendered":"\n<p>La f\u00e9d\u00e9ration nationale des boulangers du S\u00e9n\u00e9gal a organis\u00e9 les 5, 6 et 7 septembre 2024, une semaine d\u00e9di\u00e9e au pain fait avec les c\u00e9r\u00e9ales locales au CICES.&nbsp;<\/p>\n\n\n\n<p>Cette activit\u00e9 fait la promotion des acteurs du secteur \u00e0 savoir les boulangers et nos produits locaux.&nbsp;Des panels et des d\u00e9gustations gratuites de pains aux c\u00e9r\u00e9ales locales ont marqu\u00e9 cette semaine de pain.<\/p>\n\n\n\n<p>Ce programme organis\u00e9 par la FNBS, \u00e0 sa t\u00eate monsieur Amadou Gaye, vient renforcer la politique des nouvelles autorit\u00e9s qui met en priorit\u00e9 une souverainet\u00e9 alimentaire. D&rsquo;apr\u00e8s le pr\u00e9sident de la f\u00e9d\u00e9ration nationale des boulangers du S\u00e9n\u00e9gal, l&rsquo;objet de&nbsp;cette semaine du pain aux c\u00e9r\u00e9ales locales est une mani\u00e8re de montrer&nbsp;aux consommateurs qu&rsquo;il est possible d&rsquo;obtenir du pain \u00e0 partir des&nbsp;c\u00e9r\u00e9ales r\u00e9colt\u00e9es au S\u00e9n\u00e9gal.<\/p>\n\n\n\n<p>M. Gaye estime que le consommer local ne&nbsp;doit plus \u00eatre un slogan, mais plut\u00f4t une r\u00e9alit\u00e9.&nbsp;Durant cette semaine, les boulangeries exposantes ont distribu\u00e9 en&nbsp;commun 10000 pains chaque jour.&nbsp;Un panel a \u00e9t\u00e9 tenu lors de la journ\u00e9e de cl\u00f4ture avec Monsieur Boubacar Dram\u00e9, repr\u00e9sentant du ministre de l&rsquo;Agriculture et de la souverainet\u00e9 alimentaire, Mme Nafissatou&nbsp;L\u00f4 du conseil national de d\u00e9veloppement de la nutrition, Monsieur Abdou Salam Fall, Sociologue.<\/p>\n\n\n\n<p>Le conseiller du Ministre de l&rsquo;agriculture souverainet\u00e9 alimentaire et \u00e9levage,Boubacar Drame pr\u00e9sent lors de la c\u00e9r\u00e9monie de cl\u00f4ture, a r\u00e9it\u00e9r\u00e9 l&rsquo;engagement du minist\u00e8re \u00e0 accompagner la Fnbs pour l&rsquo;atteinte de leur mission dans la s\u00e9curit\u00e9 alimentaire.<\/p>\n\n\n\n<p>Lors de son intervention, le sociologue, Monsieur Abdou Salam Fall a encourag\u00e9 l&rsquo;esprit innovateur de la Fnbs. Selon lui, l&rsquo;exc\u00e8s&nbsp;de sel, de sucre et de gras utilis\u00e9 dans les repas suffit pour une r\u00e9vision de l&rsquo;alimentation afin de maintenir la sant\u00e9 du consommateur. Il pr\u00e9conise une consommation alimentaire responsable par le biais des produits locaux.<\/p>\n\n\n\n<p>La repr\u00e9sentante du conseil national de d\u00e9veloppement de la nutrition, Mme Nafissatou L\u00f4, a, quant \u00e0 elle, expos\u00e9 sur les apports nutritionnels que les c\u00e9r\u00e9ales locales peuvent contribuer sur la sant\u00e9 du consommateur.<\/p>\n\n\n\n<p>Retrouv\u00e9e dans son stand, Mme Fama Gaye Mbengue, pr\u00e9sidente de l&rsquo;union pour le d\u00e9veloppement des femmes de Yoff, salue cette initiative qui, selon elle, permet de montrer aux consommateurs l&rsquo;effort que les producteurs et transformateurs font avec les c\u00e9r\u00e9ales locales pour leur livrer un produit fini riche en nutriment. \u00a0\u00bb Cette semaine de pain aux c\u00e9r\u00e9ales locales a permis aux s\u00e9n\u00e9galais de savoir qu&rsquo;il est possible d\u2019obtenir du pain avec le mil , le fonio, le ma\u00efs&nbsp;etc. C&rsquo;est un moyen pour nous transformateurs de c\u00e9r\u00e9ales&nbsp;d&rsquo;avoir un march\u00e9 pour la panification. Avec l&rsquo;instauration de ce programme, les femmes transformatrices de c\u00e9r\u00e9ales pourront devenir un maillon incontournable de la cha\u00eene&nbsp;de valeur du pain\u00a0\u00bb avance la pr\u00e9sidente de l&rsquo;Udefey.<\/p>\n\n\n\n<p>D&rsquo;apr\u00e8s Mme Mbengue, le changement du comportement alimentaire du s\u00e9n\u00e9galais est une urgence. Elle estime que cette semaine du pain aux c\u00e9r\u00e9ales&nbsp;locales est une strat\u00e9gie&nbsp;pour la valorisation des produits locaux.<\/p>\n\n\n\n<p>Cette semaine de pain aux c\u00e9r\u00e9ales locales \u00e9tait \u00e9galement &nbsp;une occasion pour les boulangers de montrer leur capacit\u00e9 \u00e0 diversifier leurs produits par les c\u00e9r\u00e9ales du pays.&nbsp;<\/p>\n","protected":false},"excerpt":{"rendered":"<p>La f\u00e9d\u00e9ration nationale des boulangers du S\u00e9n\u00e9gal a organis\u00e9<\/p>\n","protected":false},"author":1,"featured_media":2884,"comment_status":"open","ping_status":"open","sticky":true,"template":"","format":"standard","meta":{"footnotes":""},"categories":[13,53,4],"tags":[274,273,285,37],"class_list":["post-2883","post","type-post","status-publish","format-standard","has-post-thumbnail","hentry","category-a-la-une","category-actualites","category-pme-pmi","tag-cereales-locales","tag-fnbs","tag-semaine-du-pain","tag-souverainete-alimentaire"],"_links":{"self":[{"href":"https:\/\/sunuentreprise.sn\/index.php\/wp-json\/wp\/v2\/posts\/2883","targetHints":{"allow":["GET"]}}],"collection":[{"href":"https:\/\/sunuentreprise.sn\/index.php\/wp-json\/wp\/v2\/posts"}],"about":[{"href":"https:\/\/sunuentreprise.sn\/index.php\/wp-json\/wp\/v2\/types\/post"}],"author":[{"embeddable":true,"href":"https:\/\/sunuentreprise.sn\/index.php\/wp-json\/wp\/v2\/users\/1"}],"replies":[{"embeddable":true,"href":"https:\/\/sunuentreprise.sn\/index.php\/wp-json\/wp\/v2\/comments?post=2883"}],"version-history":[{"count":1,"href":"https:\/\/sunuentreprise.sn\/index.php\/wp-json\/wp\/v2\/posts\/2883\/revisions"}],"predecessor-version":[{"id":2885,"href":"https:\/\/sunuentreprise.sn\/index.php\/wp-json\/wp\/v2\/posts\/2883\/revisions\/2885"}],"wp:featuredmedia":[{"embeddable":true,"href":"https:\/\/sunuentreprise.sn\/index.php\/wp-json\/wp\/v2\/media\/2884"}],"wp:attachment":[{"href":"https:\/\/sunuentreprise.sn\/index.php\/wp-json\/wp\/v2\/media?parent=2883"}],"wp:term":[{"taxonomy":"category","embeddable":true,"href":"https:\/\/sunuentreprise.sn\/index.php\/wp-json\/wp\/v2\/categories?post=2883"},{"taxonomy":"post_tag","embeddable":true,"href":"https:\/\/sunuentreprise.sn\/index.php\/wp-json\/wp\/v2\/tags?post=2883"}],"curies":[{"name":"wp","href":"https:\/\/api.w.org\/{rel}","templated":true}]}}