{"id":2901,"date":"2024-09-12T10:09:35","date_gmt":"2024-09-12T08:09:35","guid":{"rendered":"https:\/\/sunuentreprise.sn\/?p=2901"},"modified":"2024-09-12T10:09:36","modified_gmt":"2024-09-12T08:09:36","slug":"partenariat-accompagnement-les-entrepreneurs-belges-et-le-senegalais-tiennent-un-forum-pour-faciliter-la-mobilite-professionnelle","status":"publish","type":"post","link":"https:\/\/sunuentreprise.sn\/index.php\/2024\/09\/12\/partenariat-accompagnement-les-entrepreneurs-belges-et-le-senegalais-tiennent-un-forum-pour-faciliter-la-mobilite-professionnelle\/","title":{"rendered":"PARTENARIAT\/ACCOMPAGNEMENT\u00a0: Les entrepreneurs Belges et le S\u00e9n\u00e9galais tiennent un forum pour faciliter la \u00a0mobilit\u00e9 professionnelle"},"content":{"rendered":"\n<p>Dakar a accueilli ce mercredi un forum \u00e9conomique pour faciliter la \u2018\u2019mobilit\u00e9 professionnelle\u2019\u2019 des entrepreneurs entre la Belgique et le S\u00e9n\u00e9gal.<\/p>\n\n\n\n<p>Cette initiative entre dans le cadre du PEM Wecco. En effet, ce projet ax\u00e9 sur la \u2018\u2019mobilit\u00e9 entrepreneuriale\u2019\u2019 entre les deux pays &nbsp;est mis en \u0153uvre par Enabel, l\u2019Agence de d\u00e9veloppement de l\u2019\u00c9tat f\u00e9d\u00e9ral belge. Cette rencontre vient au terme du programme PEM Wecco qui a dur\u00e9 trois &nbsp;ann\u00e9es, avec un financement de 2,5 millions d\u2019euros, environ 1,6 milliard de francs CFA, fourni par l\u2019Union europ\u00e9enne.<\/p>\n\n\n\n<p>Le forum a \u00e9t\u00e9 marqu\u00e9 pas des visites de stands, des panels, des t\u00e9moignages d\u2019entrepreneurs et d\u2019activit\u00e9s de r\u00e9seautage.<\/p>\n\n\n\n<p>D\u2019apr\u00e8s l\u2019Aps, ce projet a&nbsp; pour objectif de renforcer les liens entre les entrepreneurs belges et ceux du S\u00e9n\u00e9gal, et de faciliter la rencontre entre les personnes ayant des int\u00e9r\u00eats communs de part et d\u2019autre. L\u2019un des objectifs du PEM Wecco \u00e9tait de faciliter aussi le dialogue sur la migration \u00e9conomique entre les deux pays.<\/p>\n\n\n\n<p>L\u2019ambassadrice de la Belgique au S\u00e9n\u00e9gal, H\u00e9l\u00e8ne De Bock &nbsp;fait savoir&nbsp;:&nbsp;\u00ab&nbsp;l\u2019id\u00e9e est de simuler et de capitaliser ce qui nous lie, de partager nos exp\u00e9riences, aussi bien au S\u00e9n\u00e9gal qu\u2019en Belgique&nbsp;\u00bb. Elle a d\u00e9couvert plusieurs produits s\u00e9n\u00e9galais et a discut\u00e9 avec de nombreux participants.<\/p>\n\n\n\n<p>Abdoulaye Faye, le directeur de la formalisation et de la g\u00e9n\u00e9ration d\u2019entreprises \u00e0 l\u2019ADEPME soutient que 14 entreprises s\u00e9n\u00e9galaises ont \u00e9t\u00e9 associ\u00e9es au PEM Wecco, gr\u00e2ce \u00e0 l\u2019ADEPME.<\/p>\n\n\n\n<p>\u00ab&nbsp;Apr\u00e8s trois ans de mise en \u0153uvre, le PEM Wecco a permis de soutenir l\u2019\u00e9cosyst\u00e8me entrepreneurial s\u00e9n\u00e9galais et belge en proposant un mod\u00e8le de mobilit\u00e9 circulaire \u00e0 47 entrepreneurs s\u00e9n\u00e9galais, qui ont d\u00e9velopp\u00e9 un projet entrepreneurial innovant\u2019&nbsp;\u00bb, relate le communiqu\u00e9 re\u00e7u par l\u2019Aps.<\/p>\n\n\n\n<p>D\u2019apr\u00e8s le texte, &nbsp;73 voyages d\u2019affaires ont \u00e9t\u00e9 organis\u00e9s et soutenus par le projet. Cent vingt-quatre \u00e9changes commerciaux sont n\u00e9s du PEM Wecco et ont abouti \u00e0 29 accords de partenariat sign\u00e9s dans les domaines de l\u2019agroalimentaire, de la sant\u00e9, de la technologie et de l\u2019\u00e9ducation.<\/p>\n","protected":false},"excerpt":{"rendered":"<p>Dakar a accueilli ce mercredi un forum \u00e9conomique pour<\/p>\n","protected":false},"author":1,"featured_media":2902,"comment_status":"open","ping_status":"open","sticky":true,"template":"","format":"standard","meta":{"footnotes":""},"categories":[53],"tags":[296,108,85,297],"class_list":["post-2901","post","type-post","status-publish","format-standard","has-post-thumbnail","hentry","category-actualites","tag-belge","tag-entrepreneur","tag-forum","tag-mobilite-professionnelle"],"_links":{"self":[{"href":"https:\/\/sunuentreprise.sn\/index.php\/wp-json\/wp\/v2\/posts\/2901","targetHints":{"allow":["GET"]}}],"collection":[{"href":"https:\/\/sunuentreprise.sn\/index.php\/wp-json\/wp\/v2\/posts"}],"about":[{"href":"https:\/\/sunuentreprise.sn\/index.php\/wp-json\/wp\/v2\/types\/post"}],"author":[{"embeddable":true,"href":"https:\/\/sunuentreprise.sn\/index.php\/wp-json\/wp\/v2\/users\/1"}],"replies":[{"embeddable":true,"href":"https:\/\/sunuentreprise.sn\/index.php\/wp-json\/wp\/v2\/comments?post=2901"}],"version-history":[{"count":1,"href":"https:\/\/sunuentreprise.sn\/index.php\/wp-json\/wp\/v2\/posts\/2901\/revisions"}],"predecessor-version":[{"id":2903,"href":"https:\/\/sunuentreprise.sn\/index.php\/wp-json\/wp\/v2\/posts\/2901\/revisions\/2903"}],"wp:featuredmedia":[{"embeddable":true,"href":"https:\/\/sunuentreprise.sn\/index.php\/wp-json\/wp\/v2\/media\/2902"}],"wp:attachment":[{"href":"https:\/\/sunuentreprise.sn\/index.php\/wp-json\/wp\/v2\/media?parent=2901"}],"wp:term":[{"taxonomy":"category","embeddable":true,"href":"https:\/\/sunuentreprise.sn\/index.php\/wp-json\/wp\/v2\/categories?post=2901"},{"taxonomy":"post_tag","embeddable":true,"href":"https:\/\/sunuentreprise.sn\/index.php\/wp-json\/wp\/v2\/tags?post=2901"}],"curies":[{"name":"wp","href":"https:\/\/api.w.org\/{rel}","templated":true}]}}