{"id":2907,"date":"2024-09-12T20:39:07","date_gmt":"2024-09-12T18:39:07","guid":{"rendered":"https:\/\/sunuentreprise.sn\/?p=2907"},"modified":"2024-09-12T20:41:12","modified_gmt":"2024-09-12T18:41:12","slug":"partenariat-ladepme-et-linstitut-de-technologie-alimentaire-ita-signe-une-convention-pour-encourager-lentrepreneuriat-dans-le-secteur-agroalimentaire","status":"publish","type":"post","link":"https:\/\/sunuentreprise.sn\/index.php\/2024\/09\/12\/partenariat-ladepme-et-linstitut-de-technologie-alimentaire-ita-signe-une-convention-pour-encourager-lentrepreneuriat-dans-le-secteur-agroalimentaire\/","title":{"rendered":"PARTENARIAT\u00a0: L\u2019ADEPME et l\u2019Institut de Technologie Alimentaire (ITA) signe une convention pour encourager l\u2019entrepreneuriat dans le secteur agroalimentaire"},"content":{"rendered":"\n<p>L\u2019Agence de D\u00e9veloppement et d\u2019Encadrement des Petites et Moyennes Entreprises (ADEPME) a sign\u00e9 une convention de partenariat strat\u00e9gique avec l\u2019Institut de Technologie Alimentaire (ITA) ce mercredi 11 septembre 2024 au si\u00e8ge de l\u2019ADEPME.<\/p>\n\n\n\n<p>Cette convention de partenariat entre dans le cadre du soutien au d\u00e9veloppement de l\u2019industrie agroalimentaire s\u00e9n\u00e9galaise. Cet accord va renforcer l\u2019entrepreneuriat, la comp\u00e9titivit\u00e9 des PME et la promotion du consommer local.<\/p>\n\n\n\n<p>La convention a pour objectif d\u2019encourager l\u2019entrepreneuriat dans le secteur agroalimentaire ; d\u2019appuyer la recherche-d\u00e9veloppement et faciliter le transfert de technologies ; de d\u00e9velopper des unit\u00e9s de transformation de produits locaux.<\/p>\n\n\n\n<p>L\u2019Incubation, l\u2019 accompagnement des entrepreneurs et PME agroalimentaires, la promouvoir du label \u00ab Made in S\u00e9n\u00e9gal \u00bb et le \u00ab Consommer local \u00bb, une collaboration forte pour un impact durable sont entre autres les finalit\u00e9s de ce partenariat.<\/p>\n\n\n\n<p>Madame Marie Rose FAYE, Directeur G\u00e9n\u00e9ral de l\u2019ADEPME, et le Professeur Momar Talla GUEYE, Directeur G\u00e9n\u00e9ral de l\u2019ITA, ont sign\u00e9 la convention qui va permettre une coordination efficace des ressources et comp\u00e9tences des deux institutions pour soutenir la structuration des cha\u00eenes de valeur agroalimentaires au S\u00e9n\u00e9gal. Chacune des parties s\u2019est engag\u00e9e sur la mise \u00e0 disposition d\u2019un appui technique, financier et manag\u00e9rial pour favoriser la comp\u00e9titivit\u00e9 des PME et entrepreneurs sur l\u2019ensemble du territoire.<\/p>\n\n\n\n<p><\/p>\n\n\n","protected":false},"excerpt":{"rendered":"<p>L\u2019Agence de D\u00e9veloppement et d\u2019Encadrement des Petites et Moyennes<\/p>\n","protected":false},"author":1,"featured_media":2911,"comment_status":"open","ping_status":"open","sticky":true,"template":"","format":"standard","meta":{"footnotes":""},"categories":[13,53,4],"tags":[144,112,214,245,210],"class_list":["post-2907","post","type-post","status-publish","format-standard","has-post-thumbnail","hentry","category-a-la-une","category-actualites","category-pme-pmi","tag-adepme","tag-agroalimentaire","tag-convention","tag-ita","tag-partenariat"],"_links":{"self":[{"href":"https:\/\/sunuentreprise.sn\/index.php\/wp-json\/wp\/v2\/posts\/2907","targetHints":{"allow":["GET"]}}],"collection":[{"href":"https:\/\/sunuentreprise.sn\/index.php\/wp-json\/wp\/v2\/posts"}],"about":[{"href":"https:\/\/sunuentreprise.sn\/index.php\/wp-json\/wp\/v2\/types\/post"}],"author":[{"embeddable":true,"href":"https:\/\/sunuentreprise.sn\/index.php\/wp-json\/wp\/v2\/users\/1"}],"replies":[{"embeddable":true,"href":"https:\/\/sunuentreprise.sn\/index.php\/wp-json\/wp\/v2\/comments?post=2907"}],"version-history":[{"count":2,"href":"https:\/\/sunuentreprise.sn\/index.php\/wp-json\/wp\/v2\/posts\/2907\/revisions"}],"predecessor-version":[{"id":2912,"href":"https:\/\/sunuentreprise.sn\/index.php\/wp-json\/wp\/v2\/posts\/2907\/revisions\/2912"}],"wp:featuredmedia":[{"embeddable":true,"href":"https:\/\/sunuentreprise.sn\/index.php\/wp-json\/wp\/v2\/media\/2911"}],"wp:attachment":[{"href":"https:\/\/sunuentreprise.sn\/index.php\/wp-json\/wp\/v2\/media?parent=2907"}],"wp:term":[{"taxonomy":"category","embeddable":true,"href":"https:\/\/sunuentreprise.sn\/index.php\/wp-json\/wp\/v2\/categories?post=2907"},{"taxonomy":"post_tag","embeddable":true,"href":"https:\/\/sunuentreprise.sn\/index.php\/wp-json\/wp\/v2\/tags?post=2907"}],"curies":[{"name":"wp","href":"https:\/\/api.w.org\/{rel}","templated":true}]}}