{"id":2926,"date":"2024-09-18T15:17:19","date_gmt":"2024-09-18T13:17:19","guid":{"rendered":"https:\/\/sunuentreprise.sn\/?p=2926"},"modified":"2024-09-18T15:17:19","modified_gmt":"2024-09-18T13:17:19","slug":"industrie-serigne-gueye-diop-annonce-la-creation-de-zone-economique-speciale-a-louga","status":"publish","type":"post","link":"https:\/\/sunuentreprise.sn\/index.php\/2024\/09\/18\/industrie-serigne-gueye-diop-annonce-la-creation-de-zone-economique-speciale-a-louga\/","title":{"rendered":"INDUSTRIE\u00a0: Serigne Gu\u00e8ye Diop annonce la cr\u00e9ation de zone \u00e9conomique sp\u00e9ciale \u00e0 Louga"},"content":{"rendered":"\n<p>Le ministre de l\u2019Industrie et du Commerce, Serigne Gu\u00e8ye Diop a annonc\u00e9 ce mardi la cr\u00e9ation d\u2019une zone \u00e9conomique sp\u00e9ciale (ZES) dans la r\u00e9gion de Louga. Cette initiative entre dans le cadre de la mise en \u0153uvre de la Strat\u00e9gie nationale de d\u00e9veloppement industriel. Le ministre s\u2019exprimait lors de la visite de la Plateforme industrielle textile de Louga.<\/p>\n\n\n\n<p>Pour le ministre, \u00ab&nbsp;l\u2019objectif est de cr\u00e9er une zone \u00e9conomique sp\u00e9ciale \u00e0 Louga, dans le cadre de la cr\u00e9ation de p\u00f4les de d\u00e9veloppement \u00e9conomique et social dans toutes les r\u00e9gions&nbsp;\u00bb.<\/p>\n\n\n\n<p>La phase initiale de cette initiative gouvernementale va consister \u00e0 construire huit p\u00f4les industriels, puis 14 autres pour la seconde phase, dans le but de \u2018\u2019stimuler la croissance et l\u2019emploi, fait savoir Dr Serigne Gueye Diop.<\/p>\n\n\n\n<p>Aux autorit\u00e9s administratives de Louga, au gouverneur Nd\u00e8ye Ngu\u00e9nar Mbodj et au pr\u00e9fet Maude Manga, le ministre a demand\u00e9 de mettre une assiette fonci\u00e8re de 50 hectares \u00e0 la disposition du projet de zone \u00e9conomique sp\u00e9ciale&nbsp; qui s\u2019inscrit dans le plan gouvernemental visant \u00e0 construire 45 zones \u00e9conomiques sp\u00e9ciales.<\/p>\n\n\n\n<p>Il affirme que les futures ZES vont g\u00e9n\u00e9rer environ 3 millions d\u2019emplois.<\/p>\n\n\n\n<p>D\u2019 apr\u00e8s le ministre, il est important de faire un diagnostic approfondi des industries de la r\u00e9gion de Louga, comme la Sotexa, en d\u00e9duisant les raisons pour lesquelles l\u2019industrie s\u00e9n\u00e9galaise n\u2019\u00e9merge pas et celles pour lesquelles la population d\u00e9pend des importations.<\/p>\n\n\n\n<p>Les autorit\u00e9s sont persuad\u00e9es que la cr\u00e9ation des ZES est une solution qui va permettre d\u2019 instaurer une nouvelle politique industrielle bas\u00e9e sur des objectifs d\u2019autosuffisance nationale et stimuler l\u2019innovation locale.<\/p>\n","protected":false},"excerpt":{"rendered":"<p>Le ministre de l\u2019Industrie et du Commerce, Serigne Gu\u00e8ye<\/p>\n","protected":false},"author":1,"featured_media":2927,"comment_status":"open","ping_status":"open","sticky":true,"template":"","format":"standard","meta":{"footnotes":""},"categories":[13,53,63,4],"tags":[189,70,113,143,312],"class_list":["post-2926","post","type-post","status-publish","format-standard","has-post-thumbnail","hentry","category-a-la-une","category-actualites","category-industrie","category-pme-pmi","tag-creation","tag-industrie","tag-louga","tag-serigne-gueye-diop","tag-zone-economique-speciale"],"_links":{"self":[{"href":"https:\/\/sunuentreprise.sn\/index.php\/wp-json\/wp\/v2\/posts\/2926","targetHints":{"allow":["GET"]}}],"collection":[{"href":"https:\/\/sunuentreprise.sn\/index.php\/wp-json\/wp\/v2\/posts"}],"about":[{"href":"https:\/\/sunuentreprise.sn\/index.php\/wp-json\/wp\/v2\/types\/post"}],"author":[{"embeddable":true,"href":"https:\/\/sunuentreprise.sn\/index.php\/wp-json\/wp\/v2\/users\/1"}],"replies":[{"embeddable":true,"href":"https:\/\/sunuentreprise.sn\/index.php\/wp-json\/wp\/v2\/comments?post=2926"}],"version-history":[{"count":1,"href":"https:\/\/sunuentreprise.sn\/index.php\/wp-json\/wp\/v2\/posts\/2926\/revisions"}],"predecessor-version":[{"id":2928,"href":"https:\/\/sunuentreprise.sn\/index.php\/wp-json\/wp\/v2\/posts\/2926\/revisions\/2928"}],"wp:featuredmedia":[{"embeddable":true,"href":"https:\/\/sunuentreprise.sn\/index.php\/wp-json\/wp\/v2\/media\/2927"}],"wp:attachment":[{"href":"https:\/\/sunuentreprise.sn\/index.php\/wp-json\/wp\/v2\/media?parent=2926"}],"wp:term":[{"taxonomy":"category","embeddable":true,"href":"https:\/\/sunuentreprise.sn\/index.php\/wp-json\/wp\/v2\/categories?post=2926"},{"taxonomy":"post_tag","embeddable":true,"href":"https:\/\/sunuentreprise.sn\/index.php\/wp-json\/wp\/v2\/tags?post=2926"}],"curies":[{"name":"wp","href":"https:\/\/api.w.org\/{rel}","templated":true}]}}