{"id":2932,"date":"2024-09-19T14:07:08","date_gmt":"2024-09-19T12:07:08","guid":{"rendered":"https:\/\/sunuentreprise.sn\/?p=2932"},"modified":"2024-09-19T14:07:09","modified_gmt":"2024-09-19T12:07:09","slug":"partenariat-la-der-fj-et-le-ministre-mabouba-diagne-font-un-duo-pour-soutenir-les-initiatives-entrepreneuriales-dans-les-chaines-de-valeur-agrosylvopastorale","status":"publish","type":"post","link":"https:\/\/sunuentreprise.sn\/index.php\/2024\/09\/19\/partenariat-la-der-fj-et-le-ministre-mabouba-diagne-font-un-duo-pour-soutenir-les-initiatives-entrepreneuriales-dans-les-chaines-de-valeur-agrosylvopastorale\/","title":{"rendered":"PARTENARIAT: La DER\/FJ et le ministre Mabouba Diagne font un duo pour soutenir les initiatives entrepreneuriales dans les chaines de valeur agrosylvopastorale"},"content":{"rendered":"\n<p>La d\u00e9l\u00e9gu\u00e9e g\u00e9n\u00e9rale de l\u2019entrepreneuriat rapide des femmes et des jeunes, Madame Aida Mbodj a pr\u00e9sid\u00e9 ce mercredi 18 septembre 2024 la c\u00e9r\u00e9monie de restitution des travaux de la table ronde \u00ab \u00ab \ud835\udc68\ud835\udc88\ud835\udc8a\ud835\udc93 \ud835\udc86\ud835\udc8f\ud835\udc94\ud835\udc86\ud835\udc8e\ud835\udc83\ud835\udc8d\ud835\udc86 \ud835\udc91\ud835\udc90\ud835\udc96\ud835\udc93 \ud835\udc82\ud835\udc95\ud835\udc95\ud835\udc86\ud835\udc8a\ud835\udc8f\ud835\udc85\ud835\udc93\ud835\udc86 \ud835\udc8d\ud835\udc82 \ud835\udc7a\ud835\udc90\ud835\udc96\ud835\udc97\ud835\udc86\ud835\udc93\ud835\udc82\ud835\udc8a\ud835\udc8f\ud835\udc86\ud835\udc95\ud835\udc86\u0301 \ud835\udc68\ud835\udc8d\ud835\udc8a\ud835\udc8e\ud835\udc86\ud835\udc8f\ud835\udc95\ud835\udc82\ud835\udc8a\ud835\udc93\ud835\udc86 \u00bb. Cette c\u00e9r\u00e9monie a r\u00e9uni les acteurs de l\u2019agriculture, ainsi que les partenaires techniques et financiers, et les \u00e9quipes de la DER\/FJ.<\/p>\n\n\n\n<p>En pr\u00e9sence du ministre de l\u2019Agriculture, de la Souverainet\u00e9 Alimentaire et de l\u2019Elevage, Dr. Mabouba DIAGNE, la d\u00e9l\u00e9gu\u00e9e g\u00e9n\u00e9rale est revenue sur les r\u00e9alisations de la DER\/FJ en faveur du secteur agricole \u00e0 travers ses diff\u00e9rents programmes que sont le PAVIE, le PRSA et le PAAICE.<\/p>\n\n\n\n<p>En effet, 50&nbsp;000 initiatives entrepreneuriales sp\u00e9cialis\u00e9es dans les secteurs agrosylvopastoraux ont \u00e9t\u00e9 financ\u00e9es par la DER\/FJ. Avec un financement de plus 37 milliards, ces initiatives entrepreneuriales ont contribu\u00e9 au renforcement de la souverainet\u00e9 alimentaire, \u00e0 la cr\u00e9ation d&#8217;emplois et \u00e0 l&rsquo;am\u00e9lioration des conditions dans ledit secteur.<\/p>\n\n\n\n<p>Les b\u00e9n\u00e9ficiaires de la premi\u00e8re cohorte du PAAICE (Programme d\u2019Appui \u00e0 l\u2019Acc\u00e9l\u00e9ration Industrielle \u00e0 la Comp\u00e9titivit\u00e9 et \u00e0 l\u2019Emploi) ont re\u00e7u un financement d\u2019un montant d\u2019un milliards FCFA. Cette c\u00e9r\u00e9monie de remise symbolique de financement \u00a0\u00e9tait une occasion pour la DER\/FJ et le minist\u00e8re de l\u2019Agriculture, de la Souverainet\u00e9 Alimentaire et de l\u2019Elevage de renforcer leur collaboration.<\/p>\n\n\n\n<p>Pour sa part, le ministre Mabouba Diagne a r\u00e9it\u00e9r\u00e9 son engagement de cr\u00e9er encore plus de synergies avec la DER\/FJ, gr\u00e2ce \u00e0 un appui financier cons\u00e9quent, pour la promotion d&rsquo;une agriculture plus durable, r\u00e9siliente et comp\u00e9titive afin de motiver les aspirants de l\u2019entrepreneuriat.<\/p>\n","protected":false},"excerpt":{"rendered":"<p>La d\u00e9l\u00e9gu\u00e9e g\u00e9n\u00e9rale de l\u2019entrepreneuriat rapide des femmes et<\/p>\n","protected":false},"author":1,"featured_media":2933,"comment_status":"open","ping_status":"open","sticky":true,"template":"","format":"standard","meta":{"footnotes":""},"categories":[13,53,4],"tags":[315,137,314,313,246,210,316],"class_list":["post-2932","post","type-post","status-publish","format-standard","has-post-thumbnail","hentry","category-a-la-une","category-actualites","category-pme-pmi","tag-agrosylvopastorale","tag-der-fj","tag-initiatives-entrepreneuriales","tag-mabouba-diagne","tag-ministre","tag-partenariat","tag-soutenir"],"_links":{"self":[{"href":"https:\/\/sunuentreprise.sn\/index.php\/wp-json\/wp\/v2\/posts\/2932","targetHints":{"allow":["GET"]}}],"collection":[{"href":"https:\/\/sunuentreprise.sn\/index.php\/wp-json\/wp\/v2\/posts"}],"about":[{"href":"https:\/\/sunuentreprise.sn\/index.php\/wp-json\/wp\/v2\/types\/post"}],"author":[{"embeddable":true,"href":"https:\/\/sunuentreprise.sn\/index.php\/wp-json\/wp\/v2\/users\/1"}],"replies":[{"embeddable":true,"href":"https:\/\/sunuentreprise.sn\/index.php\/wp-json\/wp\/v2\/comments?post=2932"}],"version-history":[{"count":1,"href":"https:\/\/sunuentreprise.sn\/index.php\/wp-json\/wp\/v2\/posts\/2932\/revisions"}],"predecessor-version":[{"id":2934,"href":"https:\/\/sunuentreprise.sn\/index.php\/wp-json\/wp\/v2\/posts\/2932\/revisions\/2934"}],"wp:featuredmedia":[{"embeddable":true,"href":"https:\/\/sunuentreprise.sn\/index.php\/wp-json\/wp\/v2\/media\/2933"}],"wp:attachment":[{"href":"https:\/\/sunuentreprise.sn\/index.php\/wp-json\/wp\/v2\/media?parent=2932"}],"wp:term":[{"taxonomy":"category","embeddable":true,"href":"https:\/\/sunuentreprise.sn\/index.php\/wp-json\/wp\/v2\/categories?post=2932"},{"taxonomy":"post_tag","embeddable":true,"href":"https:\/\/sunuentreprise.sn\/index.php\/wp-json\/wp\/v2\/tags?post=2932"}],"curies":[{"name":"wp","href":"https:\/\/api.w.org\/{rel}","templated":true}]}}