{"id":2942,"date":"2024-09-21T21:02:45","date_gmt":"2024-09-21T19:02:45","guid":{"rendered":"https:\/\/sunuentreprise.sn\/?p=2942"},"modified":"2024-09-21T21:02:46","modified_gmt":"2024-09-21T19:02:46","slug":"entrepreneuriat-el-hadj-malick-soumare-de-lusaid-incite-letat-a-booster-lentrepreneuriat","status":"publish","type":"post","link":"https:\/\/sunuentreprise.sn\/index.php\/2024\/09\/21\/entrepreneuriat-el-hadj-malick-soumare-de-lusaid-incite-letat-a-booster-lentrepreneuriat\/","title":{"rendered":"ENTREPRENEURIAT :El Hadj Malick Soumar\u00e9 de l\u2019Usaid incite l\u2019Etat \u00e0 booster l\u2019entrepreneuriat"},"content":{"rendered":"\n<p>\u00ab&nbsp;L\u2019Etat du S\u00e9n\u00e9gal doit s\u2019approprier d\u00e9finitivement de la question entrepreneuriale pour trouver des solutions \u00e0 la question de l\u2019emploi&nbsp;\u00bb. C\u2019est la conviction de Malick Soumar\u00e9. Le responsable adjoint charg\u00e9 de l\u2019entrepreneuriat et de l\u2019investissement \u00e0 l\u2019USAID, s\u2019exprimait ce jeudi 19 septembre \u00e0 la conf\u00e9rence de presse de lancement de la Semaine mondiale de l\u2019entreprenariat. Elle est pr\u00e9vue du 18 au 24 novembre 2024. D\u2019apr\u00e8s lui, cette approche devrait booster l\u2019entrepreneuriat au S\u00e9n\u00e9gal, mais aussi favoriser le d\u00e9veloppement \u00e9conomique.<br>Pour M. Soumar\u00e9, il urge de passer par une sensibilisation afin de conscientiser les entrepreneurs et porter \u00e0 leur connaissance \u00ab&nbsp; tous les dispositifs susceptibles de les appuyer dans leurs activit\u00e9s ou dans leur parcours entrepreneurial \u00bb.<\/p>\n\n\n\n<p>Une d\u00e9marche d\u2019accompagnement non financier a \u00e9t\u00e9 propos\u00e9e par le responsable adjoint charg\u00e9 de l\u2019entrepreneuriat et de l\u2019investissement \u00e0 l\u2019USAID pour mieux structurer et formaliser les activit\u00e9s des entrepreneurs.<br>D\u2019apr\u00e8s l\u2019Aps qui reprend les propos de M. Soumar\u00e9, un \u00e9ventuel accompagnement financier pourra permettre aux entrepreneurs d\u2019\u00e9quiper leur entreprise et recruter un personnel de qualit\u00e9 pour pouvoir pr\u00e9tendre au d\u00e9veloppement de leurs activit\u00e9s \u00e9conomiques.<\/p>\n\n\n\n<p>Pour le fondateur de Jokkolabs, Karim Sy la \u00ab rencontre est une belle occasion pour inspirer et inciter les participants, notamment les jeunes, \u00e0 explorer leur potentiel d\u2019auto-entrepreneurs et d\u2019innovateurs, via des activit\u00e9s locales, nationales et internationales pour prendre leur destin en main \u00bb.<\/p>\n","protected":false},"excerpt":{"rendered":"<p>\u00ab&nbsp;L\u2019Etat du S\u00e9n\u00e9gal doit s\u2019approprier d\u00e9finitivement de la question<\/p>\n","protected":false},"author":1,"featured_media":2943,"comment_status":"open","ping_status":"open","sticky":true,"template":"","format":"standard","meta":{"footnotes":""},"categories":[13,53],"tags":[325,133,86,324],"class_list":["post-2942","post","type-post","status-publish","format-standard","has-post-thumbnail","hentry","category-a-la-une","category-actualites","tag-booster","tag-entrepreneuriat","tag-investissement","tag-usaid"],"_links":{"self":[{"href":"https:\/\/sunuentreprise.sn\/index.php\/wp-json\/wp\/v2\/posts\/2942","targetHints":{"allow":["GET"]}}],"collection":[{"href":"https:\/\/sunuentreprise.sn\/index.php\/wp-json\/wp\/v2\/posts"}],"about":[{"href":"https:\/\/sunuentreprise.sn\/index.php\/wp-json\/wp\/v2\/types\/post"}],"author":[{"embeddable":true,"href":"https:\/\/sunuentreprise.sn\/index.php\/wp-json\/wp\/v2\/users\/1"}],"replies":[{"embeddable":true,"href":"https:\/\/sunuentreprise.sn\/index.php\/wp-json\/wp\/v2\/comments?post=2942"}],"version-history":[{"count":1,"href":"https:\/\/sunuentreprise.sn\/index.php\/wp-json\/wp\/v2\/posts\/2942\/revisions"}],"predecessor-version":[{"id":2944,"href":"https:\/\/sunuentreprise.sn\/index.php\/wp-json\/wp\/v2\/posts\/2942\/revisions\/2944"}],"wp:featuredmedia":[{"embeddable":true,"href":"https:\/\/sunuentreprise.sn\/index.php\/wp-json\/wp\/v2\/media\/2943"}],"wp:attachment":[{"href":"https:\/\/sunuentreprise.sn\/index.php\/wp-json\/wp\/v2\/media?parent=2942"}],"wp:term":[{"taxonomy":"category","embeddable":true,"href":"https:\/\/sunuentreprise.sn\/index.php\/wp-json\/wp\/v2\/categories?post=2942"},{"taxonomy":"post_tag","embeddable":true,"href":"https:\/\/sunuentreprise.sn\/index.php\/wp-json\/wp\/v2\/tags?post=2942"}],"curies":[{"name":"wp","href":"https:\/\/api.w.org\/{rel}","templated":true}]}}