{"id":2948,"date":"2024-09-24T17:53:47","date_gmt":"2024-09-24T15:53:47","guid":{"rendered":"https:\/\/sunuentreprise.sn\/?p=2948"},"modified":"2024-09-24T17:53:47","modified_gmt":"2024-09-24T15:53:47","slug":"ziguinchor-maimouna-dieye-degage-400-millions-fcfa-pour-lentrepreneuriat-feminin","status":"publish","type":"post","link":"https:\/\/sunuentreprise.sn\/index.php\/2024\/09\/24\/ziguinchor-maimouna-dieye-degage-400-millions-fcfa-pour-lentrepreneuriat-feminin\/","title":{"rendered":"ZIGUINCHOR : Maimouna Di\u00e9ye d\u00e9gage 400 millions FCFA pour l\u2019entrepreneuriat f\u00e9minin"},"content":{"rendered":"\n<p>La ministre de la Famille et des solidarit\u00e9s, Ma\u00efmouna Di\u00e8ye a annonc\u00e9 lundi 23 septembre 2024 un programme de financement destin\u00e9 aux femmes de la r\u00e9gion de Ziguinchor.<br>Un montant de 400 millions de francs CFA a \u00e9t\u00e9 d\u00e9gag\u00e9e pour soutenir les femmes porteuses de projet. S\u2019exprimant lors d\u2019une rencontre avec les organisations f\u00e9minines de la r\u00e9gion de Ziguinchor, la ministre a expliqu\u00e9 que la somme a \u00e9t\u00e9 mobilis\u00e9e \u00e0 travers les m\u00e9canismes de financement de son d\u00e9partement.<br>Elle soutient qu\u2019il s\u2019agit du Fonds national de cr\u00e9dit pour les femmes et du Fonds national de promotion de l\u2019entreprenariat f\u00e9minin, mais \u00e0 travers aussi le minist\u00e8re de la Microfinance, de l\u2019Economie sociale et solidaire.<\/p>\n\n\n\n<p>C\u2019est gr\u00e2ce \u00e0 un protocole d\u2019accord sign\u00e9 entre entre le minist\u00e8re de la Famille et des Solidarit\u00e9s et celui en charge de la Microfinance, et de l\u2019Economie sociale et solidaire, Alioune Dione, en pr\u00e9sence du gouverneur de la r\u00e9gion, Mor Talla Tine que le financement a \u00e9t\u00e9 mat\u00e9rialis\u00e9.<\/p>\n\n\n\n<p>D\u2019apr\u00e8s la ministre de la famille, \u00ab ce protocole d\u2019accord est sign\u00e9 en vue d\u2019harmoniser nos interventions en mati\u00e8re de lutte contre les discriminations \u00e0 l\u2019\u00e9gard des femmes, de renforcement des capacit\u00e9s des femmes chefs d\u2019entreprises, de financement et de gestion de leurs activit\u00e9s \u00e9conomiques \u00bb.<\/p>\n\n\n\n<p>En guise d\u2019acte symbolique, les groupements de femmes b\u00e9n\u00e9ficiaires des principales collectivit\u00e9s de la r\u00e9gion de Ziguinchor ont re\u00e7u des attestations de financement.<\/p>\n\n\n\n<p>Mme Di\u00e9ye fait savoir que la s\u00e9lection va tenir compte de la situation des femmes en situation de handicap, des femmes d\u00e9plac\u00e9es et des femmes artisans de la r\u00e9gion.<\/p>\n\n\n\n<p>Les femmes de la r\u00e9gion de Ziguinchor ont massivement particip\u00e9 \u00e0 la c\u00e9r\u00e9monie, une mobilisation dont la ministre Ma\u00efmouna Di\u00e9ye s&rsquo;est r\u00e9jouie.<\/p>\n","protected":false},"excerpt":{"rendered":"<p>La ministre de la Famille et des solidarit\u00e9s, Ma\u00efmouna<\/p>\n","protected":false},"author":1,"featured_media":2949,"comment_status":"open","ping_status":"open","sticky":true,"template":"","format":"standard","meta":{"footnotes":""},"categories":[13,53,4],"tags":[203,179,74,327,201],"class_list":["post-2948","post","type-post","status-publish","format-standard","has-post-thumbnail","hentry","category-a-la-une","category-actualites","category-pme-pmi","tag-entrepreneurs","tag-femmes","tag-financement","tag-maimouna-dieye","tag-ziguinchor"],"_links":{"self":[{"href":"https:\/\/sunuentreprise.sn\/index.php\/wp-json\/wp\/v2\/posts\/2948","targetHints":{"allow":["GET"]}}],"collection":[{"href":"https:\/\/sunuentreprise.sn\/index.php\/wp-json\/wp\/v2\/posts"}],"about":[{"href":"https:\/\/sunuentreprise.sn\/index.php\/wp-json\/wp\/v2\/types\/post"}],"author":[{"embeddable":true,"href":"https:\/\/sunuentreprise.sn\/index.php\/wp-json\/wp\/v2\/users\/1"}],"replies":[{"embeddable":true,"href":"https:\/\/sunuentreprise.sn\/index.php\/wp-json\/wp\/v2\/comments?post=2948"}],"version-history":[{"count":1,"href":"https:\/\/sunuentreprise.sn\/index.php\/wp-json\/wp\/v2\/posts\/2948\/revisions"}],"predecessor-version":[{"id":2950,"href":"https:\/\/sunuentreprise.sn\/index.php\/wp-json\/wp\/v2\/posts\/2948\/revisions\/2950"}],"wp:featuredmedia":[{"embeddable":true,"href":"https:\/\/sunuentreprise.sn\/index.php\/wp-json\/wp\/v2\/media\/2949"}],"wp:attachment":[{"href":"https:\/\/sunuentreprise.sn\/index.php\/wp-json\/wp\/v2\/media?parent=2948"}],"wp:term":[{"taxonomy":"category","embeddable":true,"href":"https:\/\/sunuentreprise.sn\/index.php\/wp-json\/wp\/v2\/categories?post=2948"},{"taxonomy":"post_tag","embeddable":true,"href":"https:\/\/sunuentreprise.sn\/index.php\/wp-json\/wp\/v2\/tags?post=2948"}],"curies":[{"name":"wp","href":"https:\/\/api.w.org\/{rel}","templated":true}]}}