{"id":2964,"date":"2024-09-25T18:00:20","date_gmt":"2024-09-25T16:00:20","guid":{"rendered":"https:\/\/sunuentreprise.sn\/?p=2964"},"modified":"2024-09-25T18:00:21","modified_gmt":"2024-09-25T16:00:21","slug":"inauguration-la-der-fj-inaugure-une-fabrique-de-glace-a-saint-louis","status":"publish","type":"post","link":"https:\/\/sunuentreprise.sn\/index.php\/2024\/09\/25\/inauguration-la-der-fj-inaugure-une-fabrique-de-glace-a-saint-louis\/","title":{"rendered":"INAUGURATION :La Der\/fj inaugure une fabrique de glace \u00e0 Saint-Louis"},"content":{"rendered":"\n<p>La d\u00e9l\u00e9gation g\u00e9n\u00e9rale \u00e0 l\u2019entrepreneuriat rapide des femmes et des jeunes (Der\/Fj) a inaugur\u00e9 ce mardi 24 septembre la fabrique de glace de Saint-Louis, en pr\u00e9sence du pr\u00e9fet de Saint Louis, des membres des GIEs \u00ab\u00a0Bokk khol\u00a0\u00bb et \u00ab\u00a0Diambarou Sine\u00a0\u00bb et des femmes actives de la r\u00e9gion.<\/p>\n\n\n\n<p>L\u2019infrastructure dispose d\u2019une chambre froide de 65m3. Elle pourra cr\u00e9er 16 emplois directs et une dizaine d\u2019emplois indirects comme des revendeurs, des micro-mareyeuses. Le chiffre d\u2019affaires mensuel pr\u00e9visionnel est de 16 millions de FCFA gr\u00e2ce \u00e0 une capacit\u00e9 de production de 20 tonnes par jour. L\u2019entreprise arrive \u00e0 conserver les produits halieutiques dans les meilleures conditions.<br>Cette unit\u00e9 fait partie des 17 000 initiatives entrepreneuriales qui ont b\u00e9n\u00e9fici\u00e9 d\u2019un accompagnement de la DER\/FJ pour booster l\u2019entrepreneuriat.&nbsp;<\/p>\n","protected":false},"excerpt":{"rendered":"<p>La d\u00e9l\u00e9gation g\u00e9n\u00e9rale \u00e0 l\u2019entrepreneuriat rapide des femmes et<\/p>\n","protected":false},"author":1,"featured_media":2965,"comment_status":"open","ping_status":"open","sticky":false,"template":"","format":"standard","meta":{"footnotes":""},"categories":[13,53,4],"tags":[137,334,333,335],"class_list":["post-2964","post","type-post","status-publish","format-standard","has-post-thumbnail","hentry","category-a-la-une","category-actualites","category-pme-pmi","tag-der-fj","tag-fabrique-de-glace","tag-inauguration","tag-saint-louis"],"_links":{"self":[{"href":"https:\/\/sunuentreprise.sn\/index.php\/wp-json\/wp\/v2\/posts\/2964","targetHints":{"allow":["GET"]}}],"collection":[{"href":"https:\/\/sunuentreprise.sn\/index.php\/wp-json\/wp\/v2\/posts"}],"about":[{"href":"https:\/\/sunuentreprise.sn\/index.php\/wp-json\/wp\/v2\/types\/post"}],"author":[{"embeddable":true,"href":"https:\/\/sunuentreprise.sn\/index.php\/wp-json\/wp\/v2\/users\/1"}],"replies":[{"embeddable":true,"href":"https:\/\/sunuentreprise.sn\/index.php\/wp-json\/wp\/v2\/comments?post=2964"}],"version-history":[{"count":1,"href":"https:\/\/sunuentreprise.sn\/index.php\/wp-json\/wp\/v2\/posts\/2964\/revisions"}],"predecessor-version":[{"id":2966,"href":"https:\/\/sunuentreprise.sn\/index.php\/wp-json\/wp\/v2\/posts\/2964\/revisions\/2966"}],"wp:featuredmedia":[{"embeddable":true,"href":"https:\/\/sunuentreprise.sn\/index.php\/wp-json\/wp\/v2\/media\/2965"}],"wp:attachment":[{"href":"https:\/\/sunuentreprise.sn\/index.php\/wp-json\/wp\/v2\/media?parent=2964"}],"wp:term":[{"taxonomy":"category","embeddable":true,"href":"https:\/\/sunuentreprise.sn\/index.php\/wp-json\/wp\/v2\/categories?post=2964"},{"taxonomy":"post_tag","embeddable":true,"href":"https:\/\/sunuentreprise.sn\/index.php\/wp-json\/wp\/v2\/tags?post=2964"}],"curies":[{"name":"wp","href":"https:\/\/api.w.org\/{rel}","templated":true}]}}