{"id":3016,"date":"2024-10-09T08:39:57","date_gmt":"2024-10-09T06:39:57","guid":{"rendered":"https:\/\/sunuentreprise.sn\/?p=3016"},"modified":"2024-10-09T08:39:57","modified_gmt":"2024-10-09T06:39:57","slug":"promotion-de-lartisanat-vers-une-mutualisation-entre-lasepex-et-lapda","status":"publish","type":"post","link":"https:\/\/sunuentreprise.sn\/index.php\/2024\/10\/09\/promotion-de-lartisanat-vers-une-mutualisation-entre-lasepex-et-lapda\/","title":{"rendered":"Promotion de l\u2019Artisanat : Vers une mutualisation entre l\u2019Asepex et l\u2019Apda"},"content":{"rendered":"\n<p>L\u2019agence s\u00e9n\u00e9galaise de la promotion des exportations (Asepex) et l\u2019agence pour la promotion et le d\u00e9veloppement de l\u2019artisanat (Apda) conscientes des similitudes dans leurs missions respectives ont d\u00e9cid\u00e9 de se rapprocher pour plus d\u2019efficacit\u00e9.<br>Modou Mb\u00e8ne GUEYE, Dg de l\u2019Asepex, \u00e0 la t\u00eate d\u2019une forte d\u00e9l\u00e9gation compos\u00e9e de Directeurs et de Chefs de Service \u00e9tait dans les locaux de l\u2019APDA pour une visite de travail en perspective de la r\u00e9alisation d\u2019une panoplie d\u2019activit\u00e9s ficel\u00e9es par son agence. Sa coll\u00e8gue de l\u2019APDA, Madame Sophie Zinga SY qui l\u2019a accueilli a salu\u00e9 la d\u00e9marche et s\u2019est r\u00e9joui de la visite.<br>La rencontre a d\u00e9marr\u00e9 par une pr\u00e9sentation du document montrant le niveau de pr\u00e9paration de la participation du S\u00e9n\u00e9gal \u00e0 l\u2019expo Osaka 2025. Une exposition qui laissera une place de choix au secteur de l\u2019artisanat, selon le patron de l\u2019ASEPEX. A la suite de son agence, les services de l\u2019APDA ont, \u00e0 leur tour, proc\u00e9d\u00e9 \u00e0 une pr\u00e9sentation d\u00e9taill\u00e9e de ce que devrait \u00eatre leur contribution \u00e0 la r\u00e9alisation d\u2019une participation r\u00e9ussie du S\u00e9n\u00e9gal \u00e0 cet \u00e9v\u00e9nement.<\/p>\n\n\n\n<p>Une franche collaboration p\u00e9renne est en gestation entre les deux entit\u00e9s. L\u2019objectif \u00e9tant de mieux organiser et accompagner les artisans \u00e0 \u00eatre mieux comp\u00e9titif \u00e0 l\u2019\u00e9chelle internationale. Les deux Directeurs G\u00e9n\u00e9raux ont convenu de mat\u00e9rialiser tous ces objectifs \u00e0 travers la signature prochaine d\u2019une convention de partenariat entre l\u2019ASEPEX et l\u2019APDA.<\/p>\n","protected":false},"excerpt":{"rendered":"<p>L\u2019agence s\u00e9n\u00e9galaise de la promotion des exportations (Asepex) et<\/p>\n","protected":false},"author":1,"featured_media":3017,"comment_status":"open","ping_status":"open","sticky":false,"template":"","format":"standard","meta":{"footnotes":""},"categories":[13,53],"tags":[],"class_list":["post-3016","post","type-post","status-publish","format-standard","has-post-thumbnail","hentry","category-a-la-une","category-actualites"],"_links":{"self":[{"href":"https:\/\/sunuentreprise.sn\/index.php\/wp-json\/wp\/v2\/posts\/3016","targetHints":{"allow":["GET"]}}],"collection":[{"href":"https:\/\/sunuentreprise.sn\/index.php\/wp-json\/wp\/v2\/posts"}],"about":[{"href":"https:\/\/sunuentreprise.sn\/index.php\/wp-json\/wp\/v2\/types\/post"}],"author":[{"embeddable":true,"href":"https:\/\/sunuentreprise.sn\/index.php\/wp-json\/wp\/v2\/users\/1"}],"replies":[{"embeddable":true,"href":"https:\/\/sunuentreprise.sn\/index.php\/wp-json\/wp\/v2\/comments?post=3016"}],"version-history":[{"count":1,"href":"https:\/\/sunuentreprise.sn\/index.php\/wp-json\/wp\/v2\/posts\/3016\/revisions"}],"predecessor-version":[{"id":3018,"href":"https:\/\/sunuentreprise.sn\/index.php\/wp-json\/wp\/v2\/posts\/3016\/revisions\/3018"}],"wp:featuredmedia":[{"embeddable":true,"href":"https:\/\/sunuentreprise.sn\/index.php\/wp-json\/wp\/v2\/media\/3017"}],"wp:attachment":[{"href":"https:\/\/sunuentreprise.sn\/index.php\/wp-json\/wp\/v2\/media?parent=3016"}],"wp:term":[{"taxonomy":"category","embeddable":true,"href":"https:\/\/sunuentreprise.sn\/index.php\/wp-json\/wp\/v2\/categories?post=3016"},{"taxonomy":"post_tag","embeddable":true,"href":"https:\/\/sunuentreprise.sn\/index.php\/wp-json\/wp\/v2\/tags?post=3016"}],"curies":[{"name":"wp","href":"https:\/\/api.w.org\/{rel}","templated":true}]}}