{"id":3020,"date":"2024-10-09T15:51:30","date_gmt":"2024-10-09T13:51:30","guid":{"rendered":"https:\/\/sunuentreprise.sn\/?p=3020"},"modified":"2024-10-09T15:51:31","modified_gmt":"2024-10-09T13:51:31","slug":"thies-le-ministre-de-la-microfinance-de-leconomie-sociale-et-solidaire-salue-le-dynamisme-et-lengagement-des-femmes","status":"publish","type":"post","link":"https:\/\/sunuentreprise.sn\/index.php\/2024\/10\/09\/thies-le-ministre-de-la-microfinance-de-leconomie-sociale-et-solidaire-salue-le-dynamisme-et-lengagement-des-femmes\/","title":{"rendered":"Thi\u00e8s\u00a0: Le Ministre de la Microfinance, de l\u2019Economie sociale et solidaire salue le dynamisme et l\u2019engagement des femmes"},"content":{"rendered":"\n<p>Le ministre de la Microfinance, de l\u2019Economie sociale et solidaire s\u2019est dit impressionn\u00e9 par le dynamisme des femmes entrepreneurs de la r\u00e9gion de Thies. Alioune Dione s\u2019exprimait mardi en marge de la visite d\u2019une exposition de produits. C\u2019\u00e9tait dans le cadre d\u2019un programme en partenariat avec la coop\u00e9ration italienne lors des rencontres \u00e9conomiques des femmes du S\u00e9n\u00e9gal tenues dans la capitale du rail.<\/p>\n\n\n\n<p>\u201dJ\u2019ai vu particuli\u00e8rement le dynamisme, et l\u2019engagement des femmes, leur volont\u00e9 de travailler est sans \u00e9gal\u2019\u2019, a dit M. Dionne, selon qui, ces femmes m\u00e9ritent beaucoup de consid\u00e9ration, mais surtout un appui.<\/p>\n\n\n\n<p>Poursuivant, la tutelle dit avoir demand\u00e9 \u00e0 ses services de \u201drecenser l\u2019ensemble des organisations qui seront accompagn\u00e9es\u201d \u00e0 diff\u00e9rents niveaux. Concernant la qualit\u00e9, il a pu voir lors de la visite, des produits qui sont tr\u00e8s bien lab\u00e9lis\u00e9s du point de vue du design.<\/p>\n\n\n\n<p>En ce sens, le ministre a promis d\u2019aider toutes ces organisations \u00e0 produire davantage et \u00e0 cr\u00e9er un vaste r\u00e9seau de distribution. Les jeunes qui sont au ch\u00f4mage pourront s\u2019int\u00e9grer dans ce r\u00e9seau et trouver de l\u2019emploi, a-t-il ajout\u00e9. Le minist\u00e8re va connecter l\u2019ensemble des organisations de l\u2019\u00e9conomie sociale \u00e0 travers un vaste r\u00e9seau sous la supervision de ses diff\u00e9rents services.<\/p>\n","protected":false},"excerpt":{"rendered":"<p>Le ministre de la Microfinance, de l\u2019Economie sociale et<\/p>\n","protected":false},"author":1,"featured_media":3021,"comment_status":"open","ping_status":"open","sticky":false,"template":"","format":"standard","meta":{"footnotes":""},"categories":[13,53],"tags":[],"class_list":["post-3020","post","type-post","status-publish","format-standard","has-post-thumbnail","hentry","category-a-la-une","category-actualites"],"_links":{"self":[{"href":"https:\/\/sunuentreprise.sn\/index.php\/wp-json\/wp\/v2\/posts\/3020","targetHints":{"allow":["GET"]}}],"collection":[{"href":"https:\/\/sunuentreprise.sn\/index.php\/wp-json\/wp\/v2\/posts"}],"about":[{"href":"https:\/\/sunuentreprise.sn\/index.php\/wp-json\/wp\/v2\/types\/post"}],"author":[{"embeddable":true,"href":"https:\/\/sunuentreprise.sn\/index.php\/wp-json\/wp\/v2\/users\/1"}],"replies":[{"embeddable":true,"href":"https:\/\/sunuentreprise.sn\/index.php\/wp-json\/wp\/v2\/comments?post=3020"}],"version-history":[{"count":1,"href":"https:\/\/sunuentreprise.sn\/index.php\/wp-json\/wp\/v2\/posts\/3020\/revisions"}],"predecessor-version":[{"id":3022,"href":"https:\/\/sunuentreprise.sn\/index.php\/wp-json\/wp\/v2\/posts\/3020\/revisions\/3022"}],"wp:featuredmedia":[{"embeddable":true,"href":"https:\/\/sunuentreprise.sn\/index.php\/wp-json\/wp\/v2\/media\/3021"}],"wp:attachment":[{"href":"https:\/\/sunuentreprise.sn\/index.php\/wp-json\/wp\/v2\/media?parent=3020"}],"wp:term":[{"taxonomy":"category","embeddable":true,"href":"https:\/\/sunuentreprise.sn\/index.php\/wp-json\/wp\/v2\/categories?post=3020"},{"taxonomy":"post_tag","embeddable":true,"href":"https:\/\/sunuentreprise.sn\/index.php\/wp-json\/wp\/v2\/tags?post=3020"}],"curies":[{"name":"wp","href":"https:\/\/api.w.org\/{rel}","templated":true}]}}