{"id":3027,"date":"2024-10-09T23:04:47","date_gmt":"2024-10-09T21:04:47","guid":{"rendered":"https:\/\/sunuentreprise.sn\/?p=3027"},"modified":"2024-10-09T23:04:47","modified_gmt":"2024-10-09T21:04:47","slug":"mois-du-consommer-local-ibrahima-thiam-rend-une-visite-de-prospection-sur-le-site","status":"publish","type":"post","link":"https:\/\/sunuentreprise.sn\/index.php\/2024\/10\/09\/mois-du-consommer-local-ibrahima-thiam-rend-une-visite-de-prospection-sur-le-site\/","title":{"rendered":"Mois du Consommer Local : Ibrahima Thiam rend une visite de prospection sur le site"},"content":{"rendered":"\n<p>Le secr\u00e9taire d\u2019\u00c9tat charg\u00e9 du D\u00e9veloppement des PME et des PMI, Ibrahima Thiam a r\u00e9alis\u00e9 une visite de prospection sur le site de la Place de la Nation. Ce, en pr\u00e9lude au Mois du Consommer Local, qui se tiendra du 22 octobre au 2 novembre 2024. Cette \u00e9dition mettra \u00e0 l\u2019honneur la r\u00e9gion de Casamance, invit\u00e9e sp\u00e9ciale avec la participation \u00e9galement de toutes les r\u00e9gions, pour valoriser ses ressources uniques et son dynamisme.<br>D\u2019embl\u00e9e, le secr\u00e9taire d\u2019\u00c9tat charg\u00e9 du D\u00e9veloppement des PME et des PMI avance que le Consommer local doit devenir un r\u00e9flexe pour chacun d\u2019entre nous. Poursuivant il ajoute : \u00ab C\u2019est un acte citoyen et \u00e9conomique majeur qui renforce notre \u00e9conomie, soutient nos producteurs et pr\u00e9serve notre patrimoine. En privil\u00e9giant les produits de nos terroirs, nous encourageons un d\u00e9veloppement durable, cr\u00e9ons des emplois et favorisons l\u2019autosuffisance alimentaire \u00bb. Selon Mr Thiam, c\u2019est en unissant nos forces, en tant que consommateurs conscients, que nous b\u00e2tirons un avenir prosp\u00e8re pour nos PME et PMI.<br>Pour c\u00e9l\u00e9brer la cr\u00e9ativit\u00e9 de nos artisans et producteurs locaux. Le Maad de la Casamance, produit parrain d\u00e9sormais labellis\u00e9 comme un indicateur g\u00e9ographique prot\u00e9g\u00e9 sera mis en avant. Un d\u00e9fil\u00e9 de mode et un concours culinaire seront \u00e9galement organis\u00e9s. Ce sera l\u2019occasion de mettre en lumi\u00e8re nos PME et PMI, v\u00e9ritables moteurs de notre \u00e9conomie locale<\/p>\n","protected":false},"excerpt":{"rendered":"<p>Le secr\u00e9taire d\u2019\u00c9tat charg\u00e9 du D\u00e9veloppement des PME et<\/p>\n","protected":false},"author":1,"featured_media":3028,"comment_status":"open","ping_status":"open","sticky":false,"template":"","format":"standard","meta":{"footnotes":""},"categories":[13,4],"tags":[],"class_list":["post-3027","post","type-post","status-publish","format-standard","has-post-thumbnail","hentry","category-a-la-une","category-pme-pmi"],"_links":{"self":[{"href":"https:\/\/sunuentreprise.sn\/index.php\/wp-json\/wp\/v2\/posts\/3027","targetHints":{"allow":["GET"]}}],"collection":[{"href":"https:\/\/sunuentreprise.sn\/index.php\/wp-json\/wp\/v2\/posts"}],"about":[{"href":"https:\/\/sunuentreprise.sn\/index.php\/wp-json\/wp\/v2\/types\/post"}],"author":[{"embeddable":true,"href":"https:\/\/sunuentreprise.sn\/index.php\/wp-json\/wp\/v2\/users\/1"}],"replies":[{"embeddable":true,"href":"https:\/\/sunuentreprise.sn\/index.php\/wp-json\/wp\/v2\/comments?post=3027"}],"version-history":[{"count":1,"href":"https:\/\/sunuentreprise.sn\/index.php\/wp-json\/wp\/v2\/posts\/3027\/revisions"}],"predecessor-version":[{"id":3029,"href":"https:\/\/sunuentreprise.sn\/index.php\/wp-json\/wp\/v2\/posts\/3027\/revisions\/3029"}],"wp:featuredmedia":[{"embeddable":true,"href":"https:\/\/sunuentreprise.sn\/index.php\/wp-json\/wp\/v2\/media\/3028"}],"wp:attachment":[{"href":"https:\/\/sunuentreprise.sn\/index.php\/wp-json\/wp\/v2\/media?parent=3027"}],"wp:term":[{"taxonomy":"category","embeddable":true,"href":"https:\/\/sunuentreprise.sn\/index.php\/wp-json\/wp\/v2\/categories?post=3027"},{"taxonomy":"post_tag","embeddable":true,"href":"https:\/\/sunuentreprise.sn\/index.php\/wp-json\/wp\/v2\/tags?post=3027"}],"curies":[{"name":"wp","href":"https:\/\/api.w.org\/{rel}","templated":true}]}}