{"id":3093,"date":"2024-10-21T17:07:45","date_gmt":"2024-10-21T15:07:45","guid":{"rendered":"https:\/\/sunuentreprise.sn\/?p=3093"},"modified":"2024-10-21T17:07:46","modified_gmt":"2024-10-21T15:07:46","slug":"financement-plus-dun-milliard-pour-la-campagne-horticole-2024-2025","status":"publish","type":"post","link":"https:\/\/sunuentreprise.sn\/index.php\/2024\/10\/21\/financement-plus-dun-milliard-pour-la-campagne-horticole-2024-2025\/","title":{"rendered":"FINANCEMENT : Plus d\u2019un milliard pour la campagne horticole 2024\/2025"},"content":{"rendered":"\n<p>Le minist\u00e8re de l\u2019Agriculture, de la Souverainet\u00e9 Alimentaire et de l\u2019\u00c9levage a organis\u00e9 une c\u00e9r\u00e9monie marquante ce 17 octobre 2024. Ce, pour remettre des financements aux b\u00e9n\u00e9ficiaires de sous-projets dans le cadre du Projet d\u2019Intensification Eco-Soutenable de l\u2019Agriculture dans les Niayes Piesan.<br>Plus de 200 participants \u00e9taient pr\u00e9sents pour soutenir cette initiative qui renforce les capacit\u00e9s des petits producteurs et favorise l\u2019irrigation durable dans la r\u00e9gion. Selon le ministre, \u00ab en trois ans, le PIESAN a financ\u00e9 442 sous-projets, dont 107 en 2024, avec une enveloppe totale de plus de 1 milliard de FCFA pour cette ann\u00e9e. Le projet soutient \u00e9galement 15 soci\u00e9t\u00e9s coop\u00e9ratives pour l\u2019acquisition de mat\u00e9riel agricole. Un engagement fort en faveur de la r\u00e9silience des exploitations agricoles \u00bb.<\/p>\n\n\n\n<p>La tutelle a \u00e9galement salu\u00e9 l\u2019apport strat\u00e9gique de leur partenaire financier, notamment le gouvernement italien \u00e0 travers l\u2019Agence Italienne pour la Coop\u00e9ration au D\u00e9veloppement qui ne cesse de baliser la voie vers une souverainet\u00e9 alimentaire durable, en particulier dans le sous-secteur horticole. A ses yeux, leur soutien ind\u00e9fectible est un pilier fondamental pour atteindre nos objectifs de s\u00e9curit\u00e9 alimentaire et de durabilit\u00e9.<\/p>\n","protected":false},"excerpt":{"rendered":"<p>Le minist\u00e8re de l\u2019Agriculture, de la Souverainet\u00e9 Alimentaire et<\/p>\n","protected":false},"author":1,"featured_media":3094,"comment_status":"open","ping_status":"open","sticky":false,"template":"","format":"standard","meta":{"footnotes":""},"categories":[13,65],"tags":[368,74,157],"class_list":["post-3093","post","type-post","status-publish","format-standard","has-post-thumbnail","hentry","category-a-la-une","category-agriculture-elevage","tag-campagne-horticole","tag-financement","tag-ministre-de-lagriculture"],"_links":{"self":[{"href":"https:\/\/sunuentreprise.sn\/index.php\/wp-json\/wp\/v2\/posts\/3093","targetHints":{"allow":["GET"]}}],"collection":[{"href":"https:\/\/sunuentreprise.sn\/index.php\/wp-json\/wp\/v2\/posts"}],"about":[{"href":"https:\/\/sunuentreprise.sn\/index.php\/wp-json\/wp\/v2\/types\/post"}],"author":[{"embeddable":true,"href":"https:\/\/sunuentreprise.sn\/index.php\/wp-json\/wp\/v2\/users\/1"}],"replies":[{"embeddable":true,"href":"https:\/\/sunuentreprise.sn\/index.php\/wp-json\/wp\/v2\/comments?post=3093"}],"version-history":[{"count":1,"href":"https:\/\/sunuentreprise.sn\/index.php\/wp-json\/wp\/v2\/posts\/3093\/revisions"}],"predecessor-version":[{"id":3095,"href":"https:\/\/sunuentreprise.sn\/index.php\/wp-json\/wp\/v2\/posts\/3093\/revisions\/3095"}],"wp:featuredmedia":[{"embeddable":true,"href":"https:\/\/sunuentreprise.sn\/index.php\/wp-json\/wp\/v2\/media\/3094"}],"wp:attachment":[{"href":"https:\/\/sunuentreprise.sn\/index.php\/wp-json\/wp\/v2\/media?parent=3093"}],"wp:term":[{"taxonomy":"category","embeddable":true,"href":"https:\/\/sunuentreprise.sn\/index.php\/wp-json\/wp\/v2\/categories?post=3093"},{"taxonomy":"post_tag","embeddable":true,"href":"https:\/\/sunuentreprise.sn\/index.php\/wp-json\/wp\/v2\/tags?post=3093"}],"curies":[{"name":"wp","href":"https:\/\/api.w.org\/{rel}","templated":true}]}}