{"id":3099,"date":"2024-10-22T20:45:47","date_gmt":"2024-10-22T18:45:47","guid":{"rendered":"https:\/\/sunuentreprise.sn\/?p=3099"},"modified":"2024-10-22T20:45:48","modified_gmt":"2024-10-22T18:45:48","slug":"mois-du-consommer-local-le-secretaire-detat-appelle-a-un-changement-de-comportement-envers-la-consommation","status":"publish","type":"post","link":"https:\/\/sunuentreprise.sn\/index.php\/2024\/10\/22\/mois-du-consommer-local-le-secretaire-detat-appelle-a-un-changement-de-comportement-envers-la-consommation\/","title":{"rendered":"\u00ab Mois du Consommer Local \u00bb : Le Secr\u00e9taire d\u2019Etat appelle \u00e0 un changement de comportement envers la consommation"},"content":{"rendered":"\n<p>Le Secr\u00e9taire d&rsquo;\u00c9tat au D\u00e9veloppement des PME-PMI, Ibrahima Thiam, Pr\u00e9sident du comit\u00e9 d&rsquo;organisation du MCL 2024 a pr\u00e9sid\u00e9 un point de presse lundi pour \u00e9changer avec les journalistes sur le programme et les innovations de l&rsquo;\u00e9dition de cette ann\u00e9e<br>Cette ann\u00e9e, le th\u00e8me retenu est : \u00ab Consommer local, un levier de d\u00e9veloppement industriel, de comp\u00e9titivit\u00e9 et de r\u00e9silience des \u00e9conomies de l\u2019UEMOA \u00bb. M. Thiam a d\u00e9clar\u00e9 que ce th\u00e8me met en avant l&rsquo;importance d&rsquo;actions concr\u00e8tes pour faire du slogan \u00ab&nbsp;consommons ce que nous produisons et produisons ce que nous consommons&nbsp;\u00bb, une r\u00e9alit\u00e9, essentielle pour atteindre une souverainet\u00e9 alimentaire et renforcer le d\u00e9veloppement \u00e9conomique par l&rsquo;industrialisation.<br>Il a \u00e9galement soulign\u00e9 que le Mois du Consommer Local incite \u00e0 un changement de comportement envers la consommation, en favorisant le \u00ab Made in S\u00e9n\u00e9gal \u00bb et en soutenant les Petites et moyennes entreprises (PME), qui sont des acteurs cl\u00e9s dans la cr\u00e9ation de richesses et d&#8217;emplois.<\/p>\n\n\n\n<p>L&rsquo;\u00e9dition 2024 se d\u00e9roulera dans un contexte particulier, marqu\u00e9 par le \u00ab Projet pour un S\u00e9n\u00e9gal souverain, juste et prosp\u00e8re \u00bb, ainsi que par les \u00e9tats g\u00e9n\u00e9raux de l&rsquo;industrie, du commerce et des PME. M. Thiam a insist\u00e9 sur le fait que \u00ab cette conjoncture renforce l&rsquo;importance de la promotion des produits locaux et de la transformation \u00e9conomique nationale \u00bb.<br>Le programme d&rsquo;activit\u00e9s, \u00e9labor\u00e9 par le Comit\u00e9 National d&rsquo;Organisation, sera riche et vari\u00e9. Entre le 22 octobre et le 2 novembre, plusieurs \u00e9v\u00e9nements seront organis\u00e9s, notamment des panels scientifiques et des journ\u00e9es th\u00e9matiques, pour \u00e9changer sur les enjeux de la consommation locale. Des visites d&rsquo;entreprises permettront \u00e9galement, de d\u00e9couvrir les acteurs de l&rsquo;\u00e9conomie locale.<\/p>\n","protected":false},"excerpt":{"rendered":"<p>Le Secr\u00e9taire d&rsquo;\u00c9tat au D\u00e9veloppement des PME-PMI, Ibrahima Thiam,<\/p>\n","protected":false},"author":1,"featured_media":3100,"comment_status":"open","ping_status":"open","sticky":false,"template":"","format":"standard","meta":{"footnotes":""},"categories":[13,4],"tags":[371,47,373,126],"class_list":["post-3099","post","type-post","status-publish","format-standard","has-post-thumbnail","hentry","category-a-la-une","category-pme-pmi","tag-mois-du-consommer-local-le-secretaire-detat-appelle-a-un-changement-de-comportement-envers-la-consommation","tag-ibrahima-thiam","tag-point-de-presse","tag-secretaire-detat"],"_links":{"self":[{"href":"https:\/\/sunuentreprise.sn\/index.php\/wp-json\/wp\/v2\/posts\/3099","targetHints":{"allow":["GET"]}}],"collection":[{"href":"https:\/\/sunuentreprise.sn\/index.php\/wp-json\/wp\/v2\/posts"}],"about":[{"href":"https:\/\/sunuentreprise.sn\/index.php\/wp-json\/wp\/v2\/types\/post"}],"author":[{"embeddable":true,"href":"https:\/\/sunuentreprise.sn\/index.php\/wp-json\/wp\/v2\/users\/1"}],"replies":[{"embeddable":true,"href":"https:\/\/sunuentreprise.sn\/index.php\/wp-json\/wp\/v2\/comments?post=3099"}],"version-history":[{"count":1,"href":"https:\/\/sunuentreprise.sn\/index.php\/wp-json\/wp\/v2\/posts\/3099\/revisions"}],"predecessor-version":[{"id":3101,"href":"https:\/\/sunuentreprise.sn\/index.php\/wp-json\/wp\/v2\/posts\/3099\/revisions\/3101"}],"wp:featuredmedia":[{"embeddable":true,"href":"https:\/\/sunuentreprise.sn\/index.php\/wp-json\/wp\/v2\/media\/3100"}],"wp:attachment":[{"href":"https:\/\/sunuentreprise.sn\/index.php\/wp-json\/wp\/v2\/media?parent=3099"}],"wp:term":[{"taxonomy":"category","embeddable":true,"href":"https:\/\/sunuentreprise.sn\/index.php\/wp-json\/wp\/v2\/categories?post=3099"},{"taxonomy":"post_tag","embeddable":true,"href":"https:\/\/sunuentreprise.sn\/index.php\/wp-json\/wp\/v2\/tags?post=3099"}],"curies":[{"name":"wp","href":"https:\/\/api.w.org\/{rel}","templated":true}]}}