{"id":3114,"date":"2024-10-24T16:06:00","date_gmt":"2024-10-24T14:06:00","guid":{"rendered":"https:\/\/sunuentreprise.sn\/?p=3114"},"modified":"2024-10-24T15:14:26","modified_gmt":"2024-10-24T13:14:26","slug":"mois-du-consommer-local-vers-une-meilleure-protection-de-lindustrie-locale-selon-le-secretaire-detat-aux-pmi","status":"publish","type":"post","link":"https:\/\/sunuentreprise.sn\/index.php\/2024\/10\/24\/mois-du-consommer-local-vers-une-meilleure-protection-de-lindustrie-locale-selon-le-secretaire-detat-aux-pmi\/","title":{"rendered":"MOIS DU CONSOMMER LOCAL : Vers une meilleure protection de l\u2019industrie locale, selon le secr\u00e9taire d&rsquo;\u00c9tat aux PMI"},"content":{"rendered":"\n<p>La 4e \u00e9dition du Mois du consommer local se tient du 22 au 31 octobre 2024, \u00e0 la place de la Nation (ex-place de l\u2019Ob\u00e9lisque), sur le th\u00e8me \u00ab\u00a0Consommer local, un levier de d\u00e9veloppement industriel, de comp\u00e9titivit\u00e9 et de r\u00e9sistance des \u00e9conomies de l\u2019UEMOA\u00a0\u00bb. &lsquo;Invit\u00e9 du Magazine LE POINT sur la t\u00e9l\u00e9vision nationale, le secr\u00e9taire d&rsquo;\u00c9tat au D\u00e9veloppement des PMI a indiqu\u00e9 que \u00ab le Mois du consommer local nous interpelle tous et doit nous amener \u00e0 un v\u00e9ritable changement de comportements pour rompre avec nos habitudes de consommation extravertie, en vue de promouvoir le made in S\u00e9n\u00e9gal et consommer s\u00e9n\u00e9galais\u00a0\u00bb.<\/p>\n\n\n\n<p>Ce mois, poursuit-il, c&rsquo;est pour promouvoir notre industrie \u00e0 travers un dense tissu \u00e9conomique compos\u00e9 de PME-PMI comp\u00e9titives et pourvoyeuses de recherches d&#8217;emplois. La c\u00e9r\u00e9monie officielle d&rsquo;ouverture du Mois du consommer local aura lieu le 24 octobre 2024 \u00e0 Dakar. Cette ann\u00e9e la r\u00e9gion de Casamance est l\u2019invit\u00e9e d\u2019honneur et le Madd est le produit parrain de cet \u00e9v\u00e8nement.<\/p>\n\n\n\n<p>\u00ab Nous sommes \u00e0 notre quatri\u00e8me \u00e9dition, par rapport au sujet m\u00eame qui a \u00e9t\u00e9 retenu, on a un peu innov\u00e9 pour choisir une r\u00e9gion comme invit\u00e9 d\u2019honneur qui est, la Casamance et aussi le Madd comme produit parrain. Parce qu\u2019il a \u00e9t\u00e9 lab\u00e9lis\u00e9 au plan international comme un indicateur g\u00e9ographiquement prot\u00e9g\u00e9 sous l\u2019accompagnement technique des charg\u00e9s de cette fili\u00e8re au niveau de la Casamance et du Minist\u00e8re de l\u2019Industrie du S\u00e9n\u00e9gal \u00e0 travers l\u2019Agence S\u00e9n\u00e9galaise de promotion de la propri\u00e9t\u00e9 Intellectuelle. Nous avons profit\u00e9 de cette \u00e9dition pour un peu partager cette information. Et voir comment renforcer cette filiere Madd qui a beaucoup de diversit\u00e9s. On peut tirer beaucoup de produit a travers le Madd. Raison pour laquelle on a d\u00e9cid\u00e9 d\u2019appuyer cette fili\u00e8re issue d\u2019une zone foresti\u00e8re pour sensibiliser davantage les consommateurs. Et aussi d\u00e9velopper l\u2019exportation de ce produit au plan international \u00bb, a expliqu\u00e9 le Secr\u00e9taire d\u2019Etat des PMI.<br>Et d\u2019ajouter : \u00ab toutes les r\u00e9gions seront repr\u00e9sent\u00e9es, d\u00e9j\u00e0 depuis le lancement tous les exposants sont sur place \u00e0 la place de la Nation. Dons l\u2019id\u00e9e c\u2019est juste pousser les gens \u00e0 consommer local de mani\u00e8re g\u00e9n\u00e9ral. Et ce n\u2019est pas uniquement l\u2019Agroalimentaire, il y\u2019a \u00e9galement les artisans, la culture, la mode, les boulangers, le cin\u00e9ma \u00bb.<br>Selon Mr Thiam, avec le nouveau R\u00e9f\u00e9rentiel 2050, le gouvernement pr\u00e9voit des mesures de protection de notre industrie et des secteurs strat\u00e9giques. Ce, pour relancer l\u2019industrie, donner de l\u2019espace aux Pme, avoir un cadre l\u2019environnement des affaires propice \u00e0 leur d\u00e9veloppement et enfin avoir des mesures de sauvegarde de la protection de l\u2019\u00e9conomie. L\u2019objectif est de r\u00e9duire la d\u00e9pendance de la Balance Commerciale qui est \u00e0 4 Milliards FCFA et \u00e9galement appuyer les Pme \u00e0 produire et \u00e0 la certification.<\/p>\n","protected":false},"excerpt":{"rendered":"<p>La 4e \u00e9dition du Mois du consommer local se<\/p>\n","protected":false},"author":1,"featured_media":3100,"comment_status":"open","ping_status":"open","sticky":false,"template":"","format":"standard","meta":{"footnotes":""},"categories":[13,4],"tags":[47,374,46],"class_list":["post-3114","post","type-post","status-publish","format-standard","has-post-thumbnail","hentry","category-a-la-une","category-pme-pmi","tag-ibrahima-thiam","tag-mois-du-consommer-local","tag-secretaire-detat-au-developpement-des-pme-pmi"],"_links":{"self":[{"href":"https:\/\/sunuentreprise.sn\/index.php\/wp-json\/wp\/v2\/posts\/3114","targetHints":{"allow":["GET"]}}],"collection":[{"href":"https:\/\/sunuentreprise.sn\/index.php\/wp-json\/wp\/v2\/posts"}],"about":[{"href":"https:\/\/sunuentreprise.sn\/index.php\/wp-json\/wp\/v2\/types\/post"}],"author":[{"embeddable":true,"href":"https:\/\/sunuentreprise.sn\/index.php\/wp-json\/wp\/v2\/users\/1"}],"replies":[{"embeddable":true,"href":"https:\/\/sunuentreprise.sn\/index.php\/wp-json\/wp\/v2\/comments?post=3114"}],"version-history":[{"count":1,"href":"https:\/\/sunuentreprise.sn\/index.php\/wp-json\/wp\/v2\/posts\/3114\/revisions"}],"predecessor-version":[{"id":3115,"href":"https:\/\/sunuentreprise.sn\/index.php\/wp-json\/wp\/v2\/posts\/3114\/revisions\/3115"}],"wp:featuredmedia":[{"embeddable":true,"href":"https:\/\/sunuentreprise.sn\/index.php\/wp-json\/wp\/v2\/media\/3100"}],"wp:attachment":[{"href":"https:\/\/sunuentreprise.sn\/index.php\/wp-json\/wp\/v2\/media?parent=3114"}],"wp:term":[{"taxonomy":"category","embeddable":true,"href":"https:\/\/sunuentreprise.sn\/index.php\/wp-json\/wp\/v2\/categories?post=3114"},{"taxonomy":"post_tag","embeddable":true,"href":"https:\/\/sunuentreprise.sn\/index.php\/wp-json\/wp\/v2\/tags?post=3114"}],"curies":[{"name":"wp","href":"https:\/\/api.w.org\/{rel}","templated":true}]}}