{"id":3131,"date":"2024-10-29T12:44:08","date_gmt":"2024-10-29T11:44:08","guid":{"rendered":"https:\/\/sunuentreprise.sn\/?p=3131"},"modified":"2024-10-29T12:47:56","modified_gmt":"2024-10-29T11:47:56","slug":"mois-du-consommer-local-ladepme-invite-les-pmi-a-tirer-profit-du-digital","status":"publish","type":"post","link":"https:\/\/sunuentreprise.sn\/index.php\/2024\/10\/29\/mois-du-consommer-local-ladepme-invite-les-pmi-a-tirer-profit-du-digital\/","title":{"rendered":"MOIS DU CONSOMMER LOCAL : L\u2019Adepme invite les PMI \u00e0 tirer profit du digital"},"content":{"rendered":"\n<p>\u00c0 l\u2019occasion de la c\u00e9l\u00e9bration de la 4e \u00e9dition du Mois du Consommer Local initi\u00e9 par le Minist\u00e8re de l\u2019Industrie et du Commerce du 22 Octobre au 02 Novembre \u00e0 la Place de l\u2019Ob\u00e9lisque. L\u2019Agence de D\u00e9veloppement et d\u2019Encadrement des Petites et Moyennes Entreprises y a tenu une Journ\u00e9e Th\u00e9matique sous forme de Panel ce lundi 28 Octobre 2024, autour du th\u00e8me :\u00ab Innovation et Transformation Digital local \u00bb.<br>Les b\u00e9n\u00e9ficiaires du programme ETER (EMPLOI, TRANSFORMATIONS ECONOMIQUES ET RELANCE) ont magnifi\u00e9 les efforts efficients consentis par l\u2019ADEPME dans l\u2019accompagnement de leurs entreprises vers la croissance. C\u2019est dans ce sillage qu\u2019ils ont \u00e9voqu\u00e9 les enjeux li\u00e9s \u00e0 la ma\u00eetrise du digital qui regorge d\u2019opportunit\u00e9s.<br>Pour la Directrice G\u00e9n\u00e9rale de l\u2019Adepme, le digital est un v\u00e9ritable levier de croissance qui permettra aux PME\/PMI de relever de grands d\u00e9fis dans les ann\u00e9es \u00e0 venir. Aux yeux de Mme Marie Rose Faye, \u00ab&nbsp;il est urgent d\u2019accompagner nos industries transformatrices pour une souverainet\u00e9 de notre \u00e9conomie. Car dit-elle, la balance commerciale du S\u00e9n\u00e9gal est fortement d\u00e9ficitaire&nbsp;\u00bb.<br>Elle estime que la principale solution \u00e0 cette situation consiste \u00e0 travailler sur l\u2019import substitution avec une hausse de la transformation de nos mati\u00e8res premi\u00e8res. \u00ab&nbsp;Nous constatons que dans plusieurs fili\u00e8res dont nous pouvons citer, les noix de cajou, la mangue et les produits maraichers \u2026la transformation des produits agricoles est tr\u00e8s faible. Donc une g\u00e9n\u00e9ration de faible valeur ajout\u00e9e dans ces domaines \u00bb, a-t-elle indiqu\u00e9.<br>Selon Mme Faye, le Chef de l\u2019Etat et son gouvernement ont fait de la politique d\u2019industrialisation de notre \u00e9conomie un levier pour une souverainet\u00e9 dans tous les secteurs.<\/p>\n\n\n\n<p><strong>Mieux accompagner les Pme\/Pmi<\/strong><\/p>\n\n\n\n<p>C\u2019est dans ce sens que l\u2019Adepme a entrepris une politique de territorialisation de ces services en mettant en avant la synergie des actions des structures d\u2019accueil. Ce qui permettra \u00e0 terme, une plus grande efficacit\u00e9 et une rationalisation de son intervention pour les Pme et les Pmi. L\u2019Adepme dans sa politique de territorialisation a pour objectif d\u2019accompagner les Pme et de mani\u00e8re inclusive dans toutes les r\u00e9gions du S\u00e9n\u00e9gal a travers les centres de d\u00e9monstration technologique, d\u2019incubation et de prestation de services dans les diff\u00e9rents p\u00f4les industriels du S\u00e9n\u00e9gal.<br>La DG de l\u2019Adepme rappelle que la structure dispose d\u00e9j\u00e0 de deux centres de d\u00e9monstration technologique d\u2019incubation et de prestation de services \u00e0 Dakar et \u00e0 Sokone. Et ce dispositif permettra de promouvoir la petite industrie et la valorisation de nos ressources locales en suscitant les id\u00e9es de cr\u00e9ation d\u2019entreprises comp\u00e9titives aupr\u00e8s des porteurs de projet. \u00ab Dans ce dispositif, il est \u00e9galement mis \u00e0 la disposition des Pme, Pmi locales des ordres technologiques destin\u00e9es \u00e0 la prestation de services pour les accompagner dans la productivit\u00e9 et l\u2019am\u00e9lioration de leur packaging, qui constituent un r\u00e9el enjeu. L\u2019Adepme ne m\u00e9nagera aucun effort pour faire de cette souverainet\u00e9 \u00e9conomique, une r\u00e9alit\u00e9 \u00bb, conclut-elle.<\/p>\n\n\n\n<p><\/p>\n","protected":false},"excerpt":{"rendered":"<p>\u00c0 l\u2019occasion de la c\u00e9l\u00e9bration de la 4e \u00e9dition<\/p>\n","protected":false},"author":1,"featured_media":3134,"comment_status":"open","ping_status":"open","sticky":false,"template":"","format":"standard","meta":{"footnotes":""},"categories":[13,53,4],"tags":[144,272],"class_list":["post-3131","post","type-post","status-publish","format-standard","has-post-thumbnail","hentry","category-a-la-une","category-actualites","category-pme-pmi","tag-adepme","tag-consommer-local"],"_links":{"self":[{"href":"https:\/\/sunuentreprise.sn\/index.php\/wp-json\/wp\/v2\/posts\/3131","targetHints":{"allow":["GET"]}}],"collection":[{"href":"https:\/\/sunuentreprise.sn\/index.php\/wp-json\/wp\/v2\/posts"}],"about":[{"href":"https:\/\/sunuentreprise.sn\/index.php\/wp-json\/wp\/v2\/types\/post"}],"author":[{"embeddable":true,"href":"https:\/\/sunuentreprise.sn\/index.php\/wp-json\/wp\/v2\/users\/1"}],"replies":[{"embeddable":true,"href":"https:\/\/sunuentreprise.sn\/index.php\/wp-json\/wp\/v2\/comments?post=3131"}],"version-history":[{"count":1,"href":"https:\/\/sunuentreprise.sn\/index.php\/wp-json\/wp\/v2\/posts\/3131\/revisions"}],"predecessor-version":[{"id":3133,"href":"https:\/\/sunuentreprise.sn\/index.php\/wp-json\/wp\/v2\/posts\/3131\/revisions\/3133"}],"wp:featuredmedia":[{"embeddable":true,"href":"https:\/\/sunuentreprise.sn\/index.php\/wp-json\/wp\/v2\/media\/3134"}],"wp:attachment":[{"href":"https:\/\/sunuentreprise.sn\/index.php\/wp-json\/wp\/v2\/media?parent=3131"}],"wp:term":[{"taxonomy":"category","embeddable":true,"href":"https:\/\/sunuentreprise.sn\/index.php\/wp-json\/wp\/v2\/categories?post=3131"},{"taxonomy":"post_tag","embeddable":true,"href":"https:\/\/sunuentreprise.sn\/index.php\/wp-json\/wp\/v2\/tags?post=3131"}],"curies":[{"name":"wp","href":"https:\/\/api.w.org\/{rel}","templated":true}]}}