{"id":3145,"date":"2024-10-31T15:31:31","date_gmt":"2024-10-31T14:31:31","guid":{"rendered":"https:\/\/sunuentreprise.sn\/?p=3145"},"modified":"2024-10-31T15:31:32","modified_gmt":"2024-10-31T14:31:32","slug":"energie-le-ministere-de-tutelle-et-son-homologue-de-la-formation-professionnelle-signent-une-convention","status":"publish","type":"post","link":"https:\/\/sunuentreprise.sn\/index.php\/2024\/10\/31\/energie-le-ministere-de-tutelle-et-son-homologue-de-la-formation-professionnelle-signent-une-convention\/","title":{"rendered":"\u00c9NERGIE : Le minist\u00e8re de tutelle et son homologue de la formation professionnelle signent une convention"},"content":{"rendered":"\n<p>Le Ministre de l\u2019\u00e9nergie, du P\u00e9trole et des Mines Birame Souleye Diop et son homologue de la formation professionnelle Moustapha Ndjeck Sarr\u00e9 ont sign\u00e9 ce mercredi une convention. Ce, pour promouvoir la formation professionnelle dans le secteur de l\u2019\u00e9nergie. Cette activit\u00e9 entre dans le cadre de la mise en \u0153uvre du Programme de Formation \u00c9cole entreprise (PF2E), qui promeut une ad\u00e9quation syst\u00e9mique entre l\u2019offre de formation et les besoins du march\u00e9.<br>Ce partenariat strat\u00e9gique, selon les deux ministres, concr\u00e9tise une vision partag\u00e9e, celle d\u2019une formation professionnelle en ad\u00e9quation avec les besoins de notre \u00e9conomie et les aspirations de notre jeunesse, une vision qui est d\u2019ailleurs fortement consacr\u00e9e dans le nouveau r\u00e9f\u00e9rentiel des politiques publiques \u00e0 savoir, \u00ab l\u2019Agenda national de Transformation S\u00e9n\u00e9gal 2050 \u00bb.<br>Cette convention de partenariat permettra \u00e0 la formation duale ou par alternance, nouveau paradigme dans les enseignements apprentissages de la FPT, de contribuer de fa\u00e7on significative \u00e0 la qualification et \u00e0 l\u2019insertion des jeunes.<\/p>\n\n\n\n<p><\/p>\n","protected":false},"excerpt":{"rendered":"<p>Le Ministre de l\u2019\u00e9nergie, du P\u00e9trole et des Mines<\/p>\n","protected":false},"author":1,"featured_media":3146,"comment_status":"open","ping_status":"open","sticky":false,"template":"","format":"standard","meta":{"footnotes":""},"categories":[13,60],"tags":[214,388,389,387],"class_list":["post-3145","post","type-post","status-publish","format-standard","has-post-thumbnail","hentry","category-a-la-une","category-energie-environnement","tag-convention","tag-ministere-de-lenergie","tag-ministere-de-la-formation-professionnelle","tag-signature"],"_links":{"self":[{"href":"https:\/\/sunuentreprise.sn\/index.php\/wp-json\/wp\/v2\/posts\/3145","targetHints":{"allow":["GET"]}}],"collection":[{"href":"https:\/\/sunuentreprise.sn\/index.php\/wp-json\/wp\/v2\/posts"}],"about":[{"href":"https:\/\/sunuentreprise.sn\/index.php\/wp-json\/wp\/v2\/types\/post"}],"author":[{"embeddable":true,"href":"https:\/\/sunuentreprise.sn\/index.php\/wp-json\/wp\/v2\/users\/1"}],"replies":[{"embeddable":true,"href":"https:\/\/sunuentreprise.sn\/index.php\/wp-json\/wp\/v2\/comments?post=3145"}],"version-history":[{"count":1,"href":"https:\/\/sunuentreprise.sn\/index.php\/wp-json\/wp\/v2\/posts\/3145\/revisions"}],"predecessor-version":[{"id":3147,"href":"https:\/\/sunuentreprise.sn\/index.php\/wp-json\/wp\/v2\/posts\/3145\/revisions\/3147"}],"wp:featuredmedia":[{"embeddable":true,"href":"https:\/\/sunuentreprise.sn\/index.php\/wp-json\/wp\/v2\/media\/3146"}],"wp:attachment":[{"href":"https:\/\/sunuentreprise.sn\/index.php\/wp-json\/wp\/v2\/media?parent=3145"}],"wp:term":[{"taxonomy":"category","embeddable":true,"href":"https:\/\/sunuentreprise.sn\/index.php\/wp-json\/wp\/v2\/categories?post=3145"},{"taxonomy":"post_tag","embeddable":true,"href":"https:\/\/sunuentreprise.sn\/index.php\/wp-json\/wp\/v2\/tags?post=3145"}],"curies":[{"name":"wp","href":"https:\/\/api.w.org\/{rel}","templated":true}]}}