{"id":3168,"date":"2024-11-04T16:57:28","date_gmt":"2024-11-04T15:57:28","guid":{"rendered":"https:\/\/sunuentreprise.sn\/?p=3168"},"modified":"2024-11-04T16:57:29","modified_gmt":"2024-11-04T15:57:29","slug":"bignona-le-3fpt-met-plus-de-10-millions-pour-une-formation-en-montage-de-faux-plafonds","status":"publish","type":"post","link":"https:\/\/sunuentreprise.sn\/index.php\/2024\/11\/04\/bignona-le-3fpt-met-plus-de-10-millions-pour-une-formation-en-montage-de-faux-plafonds\/","title":{"rendered":"BIGNONA : Le 3FPT met plus de 10 millions pour une formation en montage de faux plafonds"},"content":{"rendered":"\n<p>Le Fonds de Financement de la Formation professionnelle et technique (3FPT) a offert \u00e0 l&rsquo;Atelier de Menuiserie Moderne et Artisanal- AMMA de Bignona une formation en montage de faux plafonds.<br>Cette initiative qui s\u2019est tenue du 21 au 30 octobre 2024, est financ\u00e9e par le 3FPT \u00e0 hauteur de 10 140 000 CFA. Ainsi, douze personnes ont ainsi \u00e9t\u00e9 form\u00e9es aux techniques pour l\u2019installation et le montage de faux plafonds, notamment la d\u00e9coupe et l\u2019assemblage de mat\u00e9riaux, l&rsquo;installation des structures de suspension, l\u2019application des finitions, ainsi que les m\u00e9thodes de s\u00e9curit\u00e9 indispensables sur les chantiers.<\/p>\n\n\n\n<p>Dans le cadre de cette initiative, l&rsquo;\u00e9quipe du p\u00f4le territoire sud s&rsquo;est rendue \u00e0 Bignona le 30 Octobre 2024 pour superviser la formation. Ce programme s&rsquo;inscrit dans la strat\u00e9gie du 3FPT de renforcer les capacit\u00e9s du personnel des organisations professionnelles afin de les rendre plus comp\u00e9titives sur le march\u00e9, tout en promouvant un capital humain de qualit\u00e9, essentiel au d\u00e9veloppement \u00e9conomique et professionnel.<\/p>\n","protected":false},"excerpt":{"rendered":"<p>Le Fonds de Financement de la Formation professionnelle et<\/p>\n","protected":false},"author":1,"featured_media":3169,"comment_status":"open","ping_status":"open","sticky":false,"template":"","format":"standard","meta":{"footnotes":""},"categories":[13,53],"tags":[266,401,115,402],"class_list":["post-3168","post","type-post","status-publish","format-standard","has-post-thumbnail","hentry","category-a-la-une","category-actualites","tag-3fpt","tag-bignona","tag-formation","tag-montage-de-faux-plafonds"],"_links":{"self":[{"href":"https:\/\/sunuentreprise.sn\/index.php\/wp-json\/wp\/v2\/posts\/3168","targetHints":{"allow":["GET"]}}],"collection":[{"href":"https:\/\/sunuentreprise.sn\/index.php\/wp-json\/wp\/v2\/posts"}],"about":[{"href":"https:\/\/sunuentreprise.sn\/index.php\/wp-json\/wp\/v2\/types\/post"}],"author":[{"embeddable":true,"href":"https:\/\/sunuentreprise.sn\/index.php\/wp-json\/wp\/v2\/users\/1"}],"replies":[{"embeddable":true,"href":"https:\/\/sunuentreprise.sn\/index.php\/wp-json\/wp\/v2\/comments?post=3168"}],"version-history":[{"count":1,"href":"https:\/\/sunuentreprise.sn\/index.php\/wp-json\/wp\/v2\/posts\/3168\/revisions"}],"predecessor-version":[{"id":3170,"href":"https:\/\/sunuentreprise.sn\/index.php\/wp-json\/wp\/v2\/posts\/3168\/revisions\/3170"}],"wp:featuredmedia":[{"embeddable":true,"href":"https:\/\/sunuentreprise.sn\/index.php\/wp-json\/wp\/v2\/media\/3169"}],"wp:attachment":[{"href":"https:\/\/sunuentreprise.sn\/index.php\/wp-json\/wp\/v2\/media?parent=3168"}],"wp:term":[{"taxonomy":"category","embeddable":true,"href":"https:\/\/sunuentreprise.sn\/index.php\/wp-json\/wp\/v2\/categories?post=3168"},{"taxonomy":"post_tag","embeddable":true,"href":"https:\/\/sunuentreprise.sn\/index.php\/wp-json\/wp\/v2\/tags?post=3168"}],"curies":[{"name":"wp","href":"https:\/\/api.w.org\/{rel}","templated":true}]}}