{"id":3178,"date":"2024-11-05T20:35:53","date_gmt":"2024-11-05T19:35:53","guid":{"rendered":"https:\/\/sunuentreprise.sn\/?p=3178"},"modified":"2024-11-05T20:46:51","modified_gmt":"2024-11-05T19:46:51","slug":"salon-des-banques-et-pme-de-luemoa-le-secretaire-detat-au-developpement-des-pme-pmi-conduit-la-delegation-senegalaise-officielle","status":"publish","type":"post","link":"https:\/\/sunuentreprise.sn\/index.php\/2024\/11\/05\/salon-des-banques-et-pme-de-luemoa-le-secretaire-detat-au-developpement-des-pme-pmi-conduit-la-delegation-senegalaise-officielle\/","title":{"rendered":"SALON DES BANQUES ET PME DE L\u2019UEMOA : Le Secr\u00e9taire d\u2019Etat au D\u00e9veloppement des PME-PMI conduit la d\u00e9l\u00e9gation s\u00e9n\u00e9galaise"},"content":{"rendered":"\n<p>Le Ministre Secr\u00e9taire d\u2019Etat au D\u00e9veloppement des PME-PMI est l\u2019invit\u00e9 d\u2019honneur de la dixi\u00e8me \u00e9dition du Salon des Banques et PME de l\u2019UEMOA. A cet effet, Mr Ibrahima Thiam va conduire la d\u00e9l\u00e9gation s\u00e9n\u00e9galaise officielle en Guin\u00e9e-Bissau. Le S\u00e9n\u00e9gal va marquer fortement sa pr\u00e9sence avec un effectif de 25 PME qui vont mettre en avant le savoir-faire s\u00e9n\u00e9galais et promouvoir le \u00ab Made in S\u00e9n\u00e9gal \u00bb. Ce rendez-vous annuel r\u00e9unissant les Banques et les PME de l\u2019UEMOA se tiendra du 06 au 10 novembre.<br>Invit\u00e9 d\u2019honneur de cette initiative \u00e9conomique, le Ministre Secr\u00e9taire d\u2019Etat au D\u00e9veloppement des PME-PMI, par ailleurs expert en entreprenariat exprime sa satisfaction de prendre part \u00e0 ce rendez-annuel. \u00ab Notre engagement est clair : je suis d\u00e9termin\u00e9 \u00e0 accompagner les PME et PMI a travers des actions concr\u00e8tes, afin de b\u00e2tir un environnement \u00e9conomique propice \u00e0 l\u2019innovation et \u00e0 la croissance durable \u00bb, a d\u00e9clar\u00e9 Mr Thiam.<br>Cette ann\u00e9e, le salon des banques et PME de l\u2019UEMOA porte sur le th\u00e8me : \u00ab Les ODD et la transformation structurelle des \u00e9conomies africaines : r\u00f4le et impact des PME de l\u2019UEMOA \u00bb. Ce Salon est \u00e9galement une vitrine r\u00e9gionale pour les Petites et Moyennes Entreprises dynamiques et innovantes, les structures d\u2019accompagnement, les institutions financi\u00e8res et les investisseurs.<\/p>\n","protected":false},"excerpt":{"rendered":"<p>Le Ministre Secr\u00e9taire d\u2019Etat au D\u00e9veloppement des PME-PMI est<\/p>\n","protected":false},"author":1,"featured_media":3136,"comment_status":"open","ping_status":"open","sticky":false,"template":"","format":"standard","meta":{"footnotes":""},"categories":[13,4],"tags":[47,403,22],"class_list":["post-3178","post","type-post","status-publish","format-standard","has-post-thumbnail","hentry","category-a-la-une","category-pme-pmi","tag-ibrahima-thiam","tag-salon-des-banques-et-pme","tag-uemoa"],"_links":{"self":[{"href":"https:\/\/sunuentreprise.sn\/index.php\/wp-json\/wp\/v2\/posts\/3178","targetHints":{"allow":["GET"]}}],"collection":[{"href":"https:\/\/sunuentreprise.sn\/index.php\/wp-json\/wp\/v2\/posts"}],"about":[{"href":"https:\/\/sunuentreprise.sn\/index.php\/wp-json\/wp\/v2\/types\/post"}],"author":[{"embeddable":true,"href":"https:\/\/sunuentreprise.sn\/index.php\/wp-json\/wp\/v2\/users\/1"}],"replies":[{"embeddable":true,"href":"https:\/\/sunuentreprise.sn\/index.php\/wp-json\/wp\/v2\/comments?post=3178"}],"version-history":[{"count":2,"href":"https:\/\/sunuentreprise.sn\/index.php\/wp-json\/wp\/v2\/posts\/3178\/revisions"}],"predecessor-version":[{"id":3181,"href":"https:\/\/sunuentreprise.sn\/index.php\/wp-json\/wp\/v2\/posts\/3178\/revisions\/3181"}],"wp:featuredmedia":[{"embeddable":true,"href":"https:\/\/sunuentreprise.sn\/index.php\/wp-json\/wp\/v2\/media\/3136"}],"wp:attachment":[{"href":"https:\/\/sunuentreprise.sn\/index.php\/wp-json\/wp\/v2\/media?parent=3178"}],"wp:term":[{"taxonomy":"category","embeddable":true,"href":"https:\/\/sunuentreprise.sn\/index.php\/wp-json\/wp\/v2\/categories?post=3178"},{"taxonomy":"post_tag","embeddable":true,"href":"https:\/\/sunuentreprise.sn\/index.php\/wp-json\/wp\/v2\/tags?post=3178"}],"curies":[{"name":"wp","href":"https:\/\/api.w.org\/{rel}","templated":true}]}}