{"id":3184,"date":"2024-11-06T15:01:56","date_gmt":"2024-11-06T14:01:56","guid":{"rendered":"https:\/\/sunuentreprise.sn\/?p=3184"},"modified":"2024-11-06T15:01:57","modified_gmt":"2024-11-06T14:01:57","slug":"projet-affirmative-procurement-reform-senegal-une-plateforme-digitale-dediee-exclusivement-aux-pmef-mise-en-place","status":"publish","type":"post","link":"https:\/\/sunuentreprise.sn\/index.php\/2024\/11\/06\/projet-affirmative-procurement-reform-senegal-une-plateforme-digitale-dediee-exclusivement-aux-pmef-mise-en-place\/","title":{"rendered":"PROJET AFFIRMATIVE PROCUREMENT REFORM S\u00c9N\u00c9GAL : Une plateforme digitale d\u00e9di\u00e9e exclusivement aux PMEF mise en place"},"content":{"rendered":"\n<p>Le deuxi\u00e8me comit\u00e9 de pilotage du projet Affirmative Procurement Reform\/S\u00e9n\u00e9gal s\u2019est tenu le 29 octobre dernier \u00e0 Dakar entre l\u2019Organisation des Nations Unies et son partenaire l\u2019Agence de D\u00e9veloppement et d&rsquo;Encadrement des Petites et Moyennes Entreprises. Cette initiative vise \u00e0 acc\u00e9l\u00e9rer les r\u00e9formes visant l&rsquo;inclusion \u00e9conomique des PME locales, particuli\u00e8rement celles dirig\u00e9es par des femmes. Les r\u00e9sultats pr\u00e9sent\u00e9s t\u00e9moignent de l\u2019impact de cette initiative, notamment gr\u00e2ce \u00e0 de nouvelles pratiques d\u2019achats publics qui ouvrent des opportunit\u00e9s pour les PMEF.<br>Parmi les avanc\u00e9es concr\u00e8tes figure la mise en place d\u2019un arr\u00eat\u00e9 minist\u00e9riel, ainsi que le d\u00e9veloppement d\u2019une plateforme digitale d\u00e9di\u00e9e exclusivement aux PMEFs. Con\u00e7ue et mise en \u0153uvre par l\u2019ADEPME, cette plateforme devient un levier essentiel pour favoriser l\u2019inclusion des entreprises f\u00e9minines au c\u0153ur du d\u00e9veloppement \u00e9conomique du S\u00e9n\u00e9gal. Cet \u00e9v\u00e9nement a vu la pr\u00e9sence des repr\u00e9sentants du gouvernement, des institutions partenaires, et diverses parties prenantes pour \u00e9valuer les progr\u00e8s r\u00e9alis\u00e9s et d\u00e9finir les prochaines actions strat\u00e9giques.<\/p>\n","protected":false},"excerpt":{"rendered":"<p>Le deuxi\u00e8me comit\u00e9 de pilotage du projet Affirmative Procurement<\/p>\n","protected":false},"author":1,"featured_media":3185,"comment_status":"open","ping_status":"open","sticky":false,"template":"","format":"standard","meta":{"footnotes":""},"categories":[13,4],"tags":[408,407],"class_list":["post-3184","post","type-post","status-publish","format-standard","has-post-thumbnail","hentry","category-a-la-une","category-pme-pmi","tag-plateforme-digitale","tag-projet-affirmative-procurement-reform-senegal"],"_links":{"self":[{"href":"https:\/\/sunuentreprise.sn\/index.php\/wp-json\/wp\/v2\/posts\/3184","targetHints":{"allow":["GET"]}}],"collection":[{"href":"https:\/\/sunuentreprise.sn\/index.php\/wp-json\/wp\/v2\/posts"}],"about":[{"href":"https:\/\/sunuentreprise.sn\/index.php\/wp-json\/wp\/v2\/types\/post"}],"author":[{"embeddable":true,"href":"https:\/\/sunuentreprise.sn\/index.php\/wp-json\/wp\/v2\/users\/1"}],"replies":[{"embeddable":true,"href":"https:\/\/sunuentreprise.sn\/index.php\/wp-json\/wp\/v2\/comments?post=3184"}],"version-history":[{"count":1,"href":"https:\/\/sunuentreprise.sn\/index.php\/wp-json\/wp\/v2\/posts\/3184\/revisions"}],"predecessor-version":[{"id":3186,"href":"https:\/\/sunuentreprise.sn\/index.php\/wp-json\/wp\/v2\/posts\/3184\/revisions\/3186"}],"wp:featuredmedia":[{"embeddable":true,"href":"https:\/\/sunuentreprise.sn\/index.php\/wp-json\/wp\/v2\/media\/3185"}],"wp:attachment":[{"href":"https:\/\/sunuentreprise.sn\/index.php\/wp-json\/wp\/v2\/media?parent=3184"}],"wp:term":[{"taxonomy":"category","embeddable":true,"href":"https:\/\/sunuentreprise.sn\/index.php\/wp-json\/wp\/v2\/categories?post=3184"},{"taxonomy":"post_tag","embeddable":true,"href":"https:\/\/sunuentreprise.sn\/index.php\/wp-json\/wp\/v2\/tags?post=3184"}],"curies":[{"name":"wp","href":"https:\/\/api.w.org\/{rel}","templated":true}]}}