{"id":3201,"date":"2024-11-07T20:11:20","date_gmt":"2024-11-07T19:11:20","guid":{"rendered":"https:\/\/sunuentreprise.sn\/?p=3201"},"modified":"2024-11-07T22:06:38","modified_gmt":"2024-11-07T21:06:38","slug":"ibrahima-thiam-secretaire-detat-au-developpement-des-pmi-il-nous-faut-ameliorer-le-coaching-des-pme","status":"publish","type":"post","link":"https:\/\/sunuentreprise.sn\/index.php\/2024\/11\/07\/ibrahima-thiam-secretaire-detat-au-developpement-des-pmi-il-nous-faut-ameliorer-le-coaching-des-pme\/","title":{"rendered":"IBRAHIMA THIAM SECR\u00c9TAIRE D\u2019\u00c9TAT AU D\u00c9VELOPPEMENT DES PMI : \u00ab\u00a0Il nous faut am\u00e9liorer le coaching des PME\u00a0\u00bb"},"content":{"rendered":"\n<p>En Guin\u00e9e Bissau pour \u00e9changer sur le d\u00e9veloppement de nos Petites et Moyennes Entreprises (PME) qui composent l\u2019essentiel du tissu \u00e9conomique de nos pays respectifs, Ibrahima Thiam, secr\u00e9taire d\u2019\u00e9tat aux Pme Pmi est longuement revenu sur la place des Petites et moyennes entreprises dans l\u2019\u00e9cosyst\u00e8me des \u00e9conomies africaines.<br>\u00ab&nbsp;Le th\u00e8me de cette \u00e9dition \u00ab&nbsp;Objectifs de D\u00e9veloppement Durable (ODD) et transformation structurelle des \u00e9conomies africaines&nbsp;: r\u00f4les et impacts des PME de l\u2019UEMOA&nbsp;\u00bb, loin d\u2019\u00eatre un questionnement, est une affirmation de la place primordiale des PME dans nos \u00e9conomies.<br>En effet, les ODD nous renseignent \u00e9galement sur l\u2019\u00e9tat de nos \u00e9conomies et par ricochet sur la situation de nos PME&nbsp;\u00bb, a-t-il dit dans son discours. \u00c0 noter que la rencontre a \u00e9t\u00e9 pr\u00e9sid\u00e9e par le pr\u00e9sident de la R\u00e9publique de la Guin\u00e9e Bissau, Sissoko Emballo.<\/p>\n\n\n\n<figure class=\"wp-block-image size-large\"><img loading=\"lazy\" decoding=\"async\" width=\"1024\" height=\"768\" src=\"https:\/\/sunuentreprise.sn\/wp-content\/uploads\/2024\/11\/GUinee-1-1024x768.jpg\" alt=\"\" class=\"wp-image-3209\" srcset=\"https:\/\/sunuentreprise.sn\/wp-content\/uploads\/2024\/11\/GUinee-1-1024x768.jpg 1024w, https:\/\/sunuentreprise.sn\/wp-content\/uploads\/2024\/11\/GUinee-1-300x225.jpg 300w, https:\/\/sunuentreprise.sn\/wp-content\/uploads\/2024\/11\/GUinee-1-768x576.jpg 768w, https:\/\/sunuentreprise.sn\/wp-content\/uploads\/2024\/11\/GUinee-1-720x540.jpg 720w, https:\/\/sunuentreprise.sn\/wp-content\/uploads\/2024\/11\/GUinee-1.jpg 1280w\" sizes=\"auto, (max-width: 1024px) 100vw, 1024px\" \/><\/figure>\n\n\n\n<p><br>Le S\u00e9n\u00e9gal pays invit\u00e9 d&rsquo;honneur est venu avec une forte d\u00e9l\u00e9gation conduite par le Secr\u00e9taire d\u2019\u00e9tat au d\u00e9veloppement des PME-PMI, Monsieur Ibrahima Thiam et la Directrice g\u00e9n\u00e9rale de l\u2019Agence de d\u00e9veloppement et d&rsquo;encadrement des petites et moyennes entreprises, Madame Marie Rose Faye.<br>Repr\u00e9sentant plus de 99% des entreprises au S\u00e9n\u00e9gal et en moyenne plus de 95% des entreprises au niveau de l\u2019UEMOA, les PME sont pr\u00e9sentes dans tous les secteurs de notre \u00e9conomie et aucune strat\u00e9gie de d\u00e9veloppement ne saurait \u00eatre viable sans leur r\u00e9elle prise en compte, ajoute-t-il. Selon lui, la situation est presque identique dans tous les pays de l\u2019Union, nos PME sont confront\u00e9es \u00e0 d\u2019\u00e9normes difficult\u00e9s qui freinent leur d\u00e9veloppement.<br>Ces difficult\u00e9s ont pour nom&nbsp;: manque de comp\u00e9titivit\u00e9&nbsp;; co\u00fbt \u00e9lev\u00e9 des facteurs de production, difficile acc\u00e8s \u00e0 un financement adapt\u00e9, aux march\u00e9s et \u00e0 la commande publique ; concurrence d\u00e9loyale du secteur informel&nbsp;; fiscalit\u00e9 inadapt\u00e9e, manque d\u2019innovation&nbsp;; faible prise en compte de la d\u00e9marche qualit\u00e9, capacit\u00e9s techniques et manag\u00e9riales limit\u00e9es&nbsp;; insuffisance de ressources humaines qualifi\u00e9es. &nbsp;<\/p>\n\n\n\n<figure class=\"wp-block-image size-large\"><img loading=\"lazy\" decoding=\"async\" width=\"1024\" height=\"768\" src=\"https:\/\/sunuentreprise.sn\/wp-content\/uploads\/2024\/11\/G3-1024x768.jpg\" alt=\"\" class=\"wp-image-3208\" srcset=\"https:\/\/sunuentreprise.sn\/wp-content\/uploads\/2024\/11\/G3-1024x768.jpg 1024w, https:\/\/sunuentreprise.sn\/wp-content\/uploads\/2024\/11\/G3-300x225.jpg 300w, https:\/\/sunuentreprise.sn\/wp-content\/uploads\/2024\/11\/G3-768x576.jpg 768w, https:\/\/sunuentreprise.sn\/wp-content\/uploads\/2024\/11\/G3-720x540.jpg 720w, https:\/\/sunuentreprise.sn\/wp-content\/uploads\/2024\/11\/G3.jpg 1280w\" sizes=\"auto, (max-width: 1024px) 100vw, 1024px\" \/><\/figure>\n\n\n\n<p>\u00c0 l\u2019occasion de ce salon des Banques et PME, M. Thiam a indiqu\u00e9 que les encours de cr\u00e9dits accord\u00e9s aux PME, par les banques, en juin 2024, sont environ de 14% au niveau de l\u2019UEMOA, alors qu\u2019ils sonr de 9,6% au S\u00e9n\u00e9gal. Ces taux restent tr\u00e8s faibles compar\u00e9s aux 95% de PME qui constituent le tissu \u00e9conomique de nos Etats et de leurs besoins immenses de financement. Pour le Ministre Thiam, m\u00eame si le dispositif de financement de la BCEAO a apport\u00e9 des avanc\u00e9es \u00e0 ce niveau, il estime qu\u2019il faut aller vers plus de r\u00e9formes, pour mieux faire conna\u00eetre ce dispositif aux PME, par une \u00e9ducation financi\u00e8re adapt\u00e9e. \u00ab\u00a0Il nous faut aussi am\u00e9liorer le coaching des PME par les Structures d\u2019Appui et d\u2019Encadrement (SAE). Le cadre juridique des PME et de la commande publique doit aussi \u00eatre am\u00e9lior\u00e9.<br>En d\u00e9finitive, nous devons travailler tous ensemble, pour que les banques et les syst\u00e8mes financiers d\u00e9centralis\u00e9s financent davantage les PME, qui doivent avoir un meilleur acc\u00e8s aux ressources longues, avoir les garanties n\u00e9cessaires et b\u00e9n\u00e9ficier des m\u00e9canismes de financement innovants\u00a0\u00bb, a-t-il plaid\u00e9.<br>\u00ab\u00a0En soutenant les PME de notre espace, nous ne faisons pas seulement croitre nos \u00e9conomies, nous construisons aussi des soci\u00e9t\u00e9s plus inclusives et durables. Pour y parvenir, nous devons, au-del\u00e0 de l\u2019acc\u00e8s au financement, favoriser un environnement propice \u00e0 l\u2019entrepreneuriat. Cela passe par un renforcement de capacit\u00e9s, un acc\u00e8s facilit\u00e9 aux march\u00e9s et \u00e0 l\u2019information. Nous devons d\u00e9velopper des programmes de mentorat, pour permettre aux PME de devenir des acteurs cl\u00e9s de l\u2019innovation et de la transition verte\u00a0\u00bb, a-t-il insist\u00e9.<br>Apr\u00e8s la partie allocutions, les officiels ont visit\u00e9 des stands de l&rsquo;exposition d\u00e9di\u00e9e aux participants.<\/p>\n","protected":false},"excerpt":{"rendered":"<p>En Guin\u00e9e Bissau pour \u00e9changer sur le d\u00e9veloppement de<\/p>\n","protected":false},"author":1,"featured_media":3204,"comment_status":"open","ping_status":"open","sticky":false,"template":"","format":"standard","meta":{"footnotes":""},"categories":[13,4],"tags":[47,33,46],"class_list":["post-3201","post","type-post","status-publish","format-standard","has-post-thumbnail","hentry","category-a-la-une","category-pme-pmi","tag-ibrahima-thiam","tag-pmi","tag-secretaire-detat-au-developpement-des-pme-pmi"],"_links":{"self":[{"href":"https:\/\/sunuentreprise.sn\/index.php\/wp-json\/wp\/v2\/posts\/3201","targetHints":{"allow":["GET"]}}],"collection":[{"href":"https:\/\/sunuentreprise.sn\/index.php\/wp-json\/wp\/v2\/posts"}],"about":[{"href":"https:\/\/sunuentreprise.sn\/index.php\/wp-json\/wp\/v2\/types\/post"}],"author":[{"embeddable":true,"href":"https:\/\/sunuentreprise.sn\/index.php\/wp-json\/wp\/v2\/users\/1"}],"replies":[{"embeddable":true,"href":"https:\/\/sunuentreprise.sn\/index.php\/wp-json\/wp\/v2\/comments?post=3201"}],"version-history":[{"count":5,"href":"https:\/\/sunuentreprise.sn\/index.php\/wp-json\/wp\/v2\/posts\/3201\/revisions"}],"predecessor-version":[{"id":3211,"href":"https:\/\/sunuentreprise.sn\/index.php\/wp-json\/wp\/v2\/posts\/3201\/revisions\/3211"}],"wp:featuredmedia":[{"embeddable":true,"href":"https:\/\/sunuentreprise.sn\/index.php\/wp-json\/wp\/v2\/media\/3204"}],"wp:attachment":[{"href":"https:\/\/sunuentreprise.sn\/index.php\/wp-json\/wp\/v2\/media?parent=3201"}],"wp:term":[{"taxonomy":"category","embeddable":true,"href":"https:\/\/sunuentreprise.sn\/index.php\/wp-json\/wp\/v2\/categories?post=3201"},{"taxonomy":"post_tag","embeddable":true,"href":"https:\/\/sunuentreprise.sn\/index.php\/wp-json\/wp\/v2\/tags?post=3201"}],"curies":[{"name":"wp","href":"https:\/\/api.w.org\/{rel}","templated":true}]}}