{"id":3222,"date":"2024-11-09T17:36:02","date_gmt":"2024-11-09T16:36:02","guid":{"rendered":"https:\/\/sunuentreprise.sn\/?p=3222"},"modified":"2024-11-09T17:36:03","modified_gmt":"2024-11-09T16:36:03","slug":"fonio-vers-la-mise-en-place-de-linterprofession-regionale","status":"publish","type":"post","link":"https:\/\/sunuentreprise.sn\/index.php\/2024\/11\/09\/fonio-vers-la-mise-en-place-de-linterprofession-regionale\/","title":{"rendered":"FONIO : Vers la mise en place de l\u2019interprofession r\u00e9gionale"},"content":{"rendered":"\n<p>La premi\u00e8re \u00e9dition du Forum sur le fonio s\u2019est tenue les 6 et 7 novembre 2024 dans la capitale de la Guin\u00e9e Conakry. Cette activit\u00e9 est organis\u00e9e par l\u2019unit\u00e9 de coordination et d\u2019ex\u00e9cution du projet avec l\u2019assistance technique de la firme agrobusiness, en collaboration avec l\u2019Agence Guin\u00e9enne de Promotion des Exportations (l\u2019AGUIPEX).<br>L\u2019Agence S\u00e9n\u00e9galaise de Promotion des Exportations (ASEPEX) qui a pris part \u00e0 cet \u00e9v\u00e9nement, a \u00e9t\u00e9 repr\u00e9sent\u00e9e par son Secr\u00e9taire G\u00e9n\u00e9ral, Madame Nd\u00e8ye Oumou Ndiaye.<br>Cette initiative vise \u00e0 favoriser la promotion de la fili\u00e8re fonio. Les structures d\u2019accompagnements publiques, les services d\u2019appuis aux entreprises dont l\u2019Agence S\u00e9n\u00e9galaise de Promotion des Exportations ont \u00e9t\u00e9 au c\u0153ur de l\u2019organisation de ce rendez-vous.<br>En marge des travaux, l\u2019Interprofession sous R\u00e9gional Fonio a \u00e9t\u00e9 mise en place.<\/p>\n","protected":false},"excerpt":{"rendered":"<p>La premi\u00e8re \u00e9dition du Forum sur le fonio s\u2019est<\/p>\n","protected":false},"author":1,"featured_media":3223,"comment_status":"open","ping_status":"open","sticky":false,"template":"","format":"standard","meta":{"footnotes":""},"categories":[13,53],"tags":[417,420,419],"class_list":["post-3222","post","type-post","status-publish","format-standard","has-post-thumbnail","hentry","category-a-la-une","category-actualites","tag-fonio","tag-interprofession-regionale","tag-mise-en-place"],"_links":{"self":[{"href":"https:\/\/sunuentreprise.sn\/index.php\/wp-json\/wp\/v2\/posts\/3222","targetHints":{"allow":["GET"]}}],"collection":[{"href":"https:\/\/sunuentreprise.sn\/index.php\/wp-json\/wp\/v2\/posts"}],"about":[{"href":"https:\/\/sunuentreprise.sn\/index.php\/wp-json\/wp\/v2\/types\/post"}],"author":[{"embeddable":true,"href":"https:\/\/sunuentreprise.sn\/index.php\/wp-json\/wp\/v2\/users\/1"}],"replies":[{"embeddable":true,"href":"https:\/\/sunuentreprise.sn\/index.php\/wp-json\/wp\/v2\/comments?post=3222"}],"version-history":[{"count":1,"href":"https:\/\/sunuentreprise.sn\/index.php\/wp-json\/wp\/v2\/posts\/3222\/revisions"}],"predecessor-version":[{"id":3224,"href":"https:\/\/sunuentreprise.sn\/index.php\/wp-json\/wp\/v2\/posts\/3222\/revisions\/3224"}],"wp:featuredmedia":[{"embeddable":true,"href":"https:\/\/sunuentreprise.sn\/index.php\/wp-json\/wp\/v2\/media\/3223"}],"wp:attachment":[{"href":"https:\/\/sunuentreprise.sn\/index.php\/wp-json\/wp\/v2\/media?parent=3222"}],"wp:term":[{"taxonomy":"category","embeddable":true,"href":"https:\/\/sunuentreprise.sn\/index.php\/wp-json\/wp\/v2\/categories?post=3222"},{"taxonomy":"post_tag","embeddable":true,"href":"https:\/\/sunuentreprise.sn\/index.php\/wp-json\/wp\/v2\/tags?post=3222"}],"curies":[{"name":"wp","href":"https:\/\/api.w.org\/{rel}","templated":true}]}}