{"id":3229,"date":"2024-11-11T22:56:19","date_gmt":"2024-11-11T21:56:19","guid":{"rendered":"https:\/\/sunuentreprise.sn\/?p=3229"},"modified":"2024-11-11T22:56:19","modified_gmt":"2024-11-11T21:56:19","slug":"omart-lillustrateur-qui-met-les-enfants-a-lhonneur","status":"publish","type":"post","link":"https:\/\/sunuentreprise.sn\/index.php\/2024\/11\/11\/omart-lillustrateur-qui-met-les-enfants-a-lhonneur\/","title":{"rendered":"Om\u2019ART, l\u2019illustrateur qui met les enfants \u00e0 l\u2019honneur"},"content":{"rendered":"\n<p>Omar Loum de son nom d\u2019artiste Om\u2019art Design est un artiste plasticien, d\u2019origine s\u00e9n\u00e9galaise. F\u00e9ru du dessin au crayon. Depuis sa tendre enfance, il taquine la peinture et les techniques graphiques. Observateur de la soci\u00e9t\u00e9 Wolof L\u00e9bou de Rufisque ou il est n\u00e9 et a grandi, il y tire son inspiration et sa force d\u2019expression. Il \u0153uvre dans la reproduction d\u2019image culturelle africaine. Notamment avec l\u2019\u00e9motion des enfants qu\u2019il \u0153uvre \u00e0 montrer dans leurs beaux jours : heureux, \u00e9panoui, pleine de vie. Dans la m\u00e9taphore, ses \u0153uvres exposent la culture africaine dans une facette positive et enrichissante.<\/p>\n\n\n<div class=\"wp-block-image\">\n<figure class=\"aligncenter size-large is-resized\"><img loading=\"lazy\" decoding=\"async\" width=\"768\" height=\"1024\" src=\"https:\/\/sunuentreprise.sn\/wp-content\/uploads\/2024\/11\/3-768x1024.jpg\" alt=\"\" class=\"wp-image-3231\" style=\"width:680px;height:auto\" srcset=\"https:\/\/sunuentreprise.sn\/wp-content\/uploads\/2024\/11\/3-768x1024.jpg 768w, https:\/\/sunuentreprise.sn\/wp-content\/uploads\/2024\/11\/3-225x300.jpg 225w, https:\/\/sunuentreprise.sn\/wp-content\/uploads\/2024\/11\/3-450x600.jpg 450w, https:\/\/sunuentreprise.sn\/wp-content\/uploads\/2024\/11\/3.jpg 810w\" sizes=\"auto, (max-width: 768px) 100vw, 768px\" \/><\/figure>\n<\/div>\n\n\n<p><br>Dans le cadre de la biennale Dak\u2019art 2024 Om\u2019art participe \u00e0 une exposition off avec le groupe de la jeunesse cr\u00e9ative. Il pr\u00e9sente une s\u00e9rie d\u2019\u0153uvres intitul\u00e9e TAKUSSAN. Des reproductions d\u2019images de danse culturelle africaine, travaill\u00e9es \u00e0 la peinture sur toile avec du sable incrust\u00e9. Dans ses peintures, les th\u00e9matiques abord\u00e9es peuvent varier en fonction de sa vision artistique, de son inspiration du moment, des influences et des contextes. Parmi les th\u00e8mes fr\u00e9quemment explor\u00e9s, on retrouve : La condition humaine : La figure humaine, dans ses multiples aspects (portrait, gestuelle, vie quotidienne) peut \u00eatre un moyen d&rsquo;explorer les \u00e9motions, les relations, la solitude, l&rsquo;amour ou la confrontation aux d\u00e9fis de la vie. Il a eu \u00e0 travailler aussi sur des th\u00e8mes religieux avec des calligraphies arabes et aussi le mouridisme, traduisant en image l\u2019\u0153uvre et la vie de Cheikh Ahmadou Bamba fondateur du mouridisme. Dans ses \u0153uvres, beaucoup de techniques et mat\u00e9riaux interviennent notamment les dessins au crayon sur papier au fond travaill\u00e9s avec du caf\u00e9 ou de la gouache.<\/p>\n\n\n<div class=\"wp-block-image\">\n<figure class=\"aligncenter size-large is-resized\"><img loading=\"lazy\" decoding=\"async\" width=\"1040\" height=\"1280\" src=\"http:\/\/sunuentreprise.sn\/wp-content\/uploads\/2024\/11\/4-832x1024.jpg\" alt=\"\" class=\"wp-image-3232\" style=\"width:602px;height:auto\" srcset=\"https:\/\/sunuentreprise.sn\/wp-content\/uploads\/2024\/11\/4-832x1024.jpg 832w, https:\/\/sunuentreprise.sn\/wp-content\/uploads\/2024\/11\/4-244x300.jpg 244w, https:\/\/sunuentreprise.sn\/wp-content\/uploads\/2024\/11\/4-768x945.jpg 768w, https:\/\/sunuentreprise.sn\/wp-content\/uploads\/2024\/11\/4.jpg 1040w\" sizes=\"auto, (max-width: 1040px) 100vw, 1040px\" \/><\/figure>\n<\/div>\n\n\n<p><br>Om\u2019art a r\u00e9ussi au concours d\u2019entr\u00e9e \u00e0 l\u2019\u00e9cole nationale des Arts et M\u00e9tiers de la culture en 2023. Il a \u00e9galement particip\u00e9 \u00e0 des expositions comme la biennale de 2022 \u00e0 la mairie de Rufisque et au march\u00e9 des artistes avec la galerie Jendalmart. Pour le moment, il n\u2019a pas encore adopt\u00e9 un style sp\u00e9cifique, mais il explore le domaine des arts figuratifs.<\/p>\n\n\n<div class=\"wp-block-image\">\n<figure class=\"aligncenter size-large is-resized\"><img loading=\"lazy\" decoding=\"async\" width=\"1080\" height=\"772\" src=\"http:\/\/sunuentreprise.sn\/wp-content\/uploads\/2024\/11\/2-1024x732.jpg\" alt=\"\" class=\"wp-image-3233\" style=\"width:689px;height:auto\" srcset=\"https:\/\/sunuentreprise.sn\/wp-content\/uploads\/2024\/11\/2-1024x732.jpg 1024w, https:\/\/sunuentreprise.sn\/wp-content\/uploads\/2024\/11\/2-300x214.jpg 300w, https:\/\/sunuentreprise.sn\/wp-content\/uploads\/2024\/11\/2-768x549.jpg 768w, https:\/\/sunuentreprise.sn\/wp-content\/uploads\/2024\/11\/2.jpg 1080w\" sizes=\"auto, (max-width: 1080px) 100vw, 1080px\" \/><\/figure>\n<\/div>","protected":false},"excerpt":{"rendered":"<p>Omar Loum de son nom d\u2019artiste Om\u2019art Design est<\/p>\n","protected":false},"author":1,"featured_media":3230,"comment_status":"open","ping_status":"open","sticky":false,"template":"","format":"standard","meta":{"footnotes":""},"categories":[13,66],"tags":[423,424,278,422],"class_list":["post-3229","post","type-post","status-publish","format-standard","has-post-thumbnail","hentry","category-a-la-une","category-portrait-dentrepreneur","tag-ariste-plasticien","tag-biennale-2024","tag-exposition","tag-omart"],"_links":{"self":[{"href":"https:\/\/sunuentreprise.sn\/index.php\/wp-json\/wp\/v2\/posts\/3229","targetHints":{"allow":["GET"]}}],"collection":[{"href":"https:\/\/sunuentreprise.sn\/index.php\/wp-json\/wp\/v2\/posts"}],"about":[{"href":"https:\/\/sunuentreprise.sn\/index.php\/wp-json\/wp\/v2\/types\/post"}],"author":[{"embeddable":true,"href":"https:\/\/sunuentreprise.sn\/index.php\/wp-json\/wp\/v2\/users\/1"}],"replies":[{"embeddable":true,"href":"https:\/\/sunuentreprise.sn\/index.php\/wp-json\/wp\/v2\/comments?post=3229"}],"version-history":[{"count":1,"href":"https:\/\/sunuentreprise.sn\/index.php\/wp-json\/wp\/v2\/posts\/3229\/revisions"}],"predecessor-version":[{"id":3234,"href":"https:\/\/sunuentreprise.sn\/index.php\/wp-json\/wp\/v2\/posts\/3229\/revisions\/3234"}],"wp:featuredmedia":[{"embeddable":true,"href":"https:\/\/sunuentreprise.sn\/index.php\/wp-json\/wp\/v2\/media\/3230"}],"wp:attachment":[{"href":"https:\/\/sunuentreprise.sn\/index.php\/wp-json\/wp\/v2\/media?parent=3229"}],"wp:term":[{"taxonomy":"category","embeddable":true,"href":"https:\/\/sunuentreprise.sn\/index.php\/wp-json\/wp\/v2\/categories?post=3229"},{"taxonomy":"post_tag","embeddable":true,"href":"https:\/\/sunuentreprise.sn\/index.php\/wp-json\/wp\/v2\/tags?post=3229"}],"curies":[{"name":"wp","href":"https:\/\/api.w.org\/{rel}","templated":true}]}}