{"id":3319,"date":"2024-11-21T18:59:35","date_gmt":"2024-11-21T17:59:35","guid":{"rendered":"https:\/\/sunuentreprise.sn\/?p=3319"},"modified":"2024-11-21T18:59:36","modified_gmt":"2024-11-21T17:59:36","slug":"competitivite-des-pme-ladepme-sillonne-le-pays-pour-la-reussite-du-pace","status":"publish","type":"post","link":"https:\/\/sunuentreprise.sn\/index.php\/2024\/11\/21\/competitivite-des-pme-ladepme-sillonne-le-pays-pour-la-reussite-du-pace\/","title":{"rendered":"COMP\u00c9TITIVITE DES PME : L\u2019ADEPME sillonne le pays pour la r\u00e9ussite du PACE"},"content":{"rendered":"\n<p>Dans le cadre du Programme d\u2019Acc\u00e9l\u00e9ration de la Comp\u00e9titivit\u00e9 Economique (PACE), l\u2019ADEPME organise une tourn\u00e9e nationale.<br>Cette initiative couvrira les zones Sud, Nord, Centre et Ouest du S\u00e9n\u00e9gal. \u00c0 travers cette tourn\u00e9e, l\u2019Adepme vise \u00e0 sensibiliser les acteurs \u00e9conomiques sur ses initiatives et programmes phares, notamment ETER (Emploi, Transformation \u00c9conomie et Relance) et PAAICE (Appui \u00e0 l\u2019Acc\u00e9l\u00e9ration Industrielle, \u00e0 la Comp\u00e9titivit\u00e9 et \u00e0 l\u2019Emploi).<br>Dans chaque r\u00e9gion, l\u2019Adepme compte organiser des journ\u00e9es d\u2019enr\u00f4lement des PME-PMI, accompagn\u00e9es de visites d\u2019entreprises locales.<br>Ce, pour encourager la formalisation, faciliter l\u2019acc\u00e8s au financement et soutenir la r\u00e9silience des entreprises en difficult\u00e9 et promouvoir leur internationalisation. Pour relever ce d\u00e9fi, l\u2019Adepme donne rendez-vous aux entrepreneurs dans les chambres de commerce des diff\u00e9rentes r\u00e9gions, pour des \u00e9changes enrichissants et un accompagnement adapt\u00e9 \u00e0 vos besoins.<\/p>\n","protected":false},"excerpt":{"rendered":"<p>Dans le cadre du Programme d\u2019Acc\u00e9l\u00e9ration de la Comp\u00e9titivit\u00e9<\/p>\n","protected":false},"author":1,"featured_media":3320,"comment_status":"open","ping_status":"open","sticky":false,"template":"","format":"standard","meta":{"footnotes":""},"categories":[13,4],"tags":[144,450,32,451],"class_list":["post-3319","post","type-post","status-publish","format-standard","has-post-thumbnail","hentry","category-a-la-une","category-pme-pmi","tag-adepme","tag-competitivite","tag-pme","tag-tournee-nationale"],"_links":{"self":[{"href":"https:\/\/sunuentreprise.sn\/index.php\/wp-json\/wp\/v2\/posts\/3319","targetHints":{"allow":["GET"]}}],"collection":[{"href":"https:\/\/sunuentreprise.sn\/index.php\/wp-json\/wp\/v2\/posts"}],"about":[{"href":"https:\/\/sunuentreprise.sn\/index.php\/wp-json\/wp\/v2\/types\/post"}],"author":[{"embeddable":true,"href":"https:\/\/sunuentreprise.sn\/index.php\/wp-json\/wp\/v2\/users\/1"}],"replies":[{"embeddable":true,"href":"https:\/\/sunuentreprise.sn\/index.php\/wp-json\/wp\/v2\/comments?post=3319"}],"version-history":[{"count":1,"href":"https:\/\/sunuentreprise.sn\/index.php\/wp-json\/wp\/v2\/posts\/3319\/revisions"}],"predecessor-version":[{"id":3321,"href":"https:\/\/sunuentreprise.sn\/index.php\/wp-json\/wp\/v2\/posts\/3319\/revisions\/3321"}],"wp:featuredmedia":[{"embeddable":true,"href":"https:\/\/sunuentreprise.sn\/index.php\/wp-json\/wp\/v2\/media\/3320"}],"wp:attachment":[{"href":"https:\/\/sunuentreprise.sn\/index.php\/wp-json\/wp\/v2\/media?parent=3319"}],"wp:term":[{"taxonomy":"category","embeddable":true,"href":"https:\/\/sunuentreprise.sn\/index.php\/wp-json\/wp\/v2\/categories?post=3319"},{"taxonomy":"post_tag","embeddable":true,"href":"https:\/\/sunuentreprise.sn\/index.php\/wp-json\/wp\/v2\/tags?post=3319"}],"curies":[{"name":"wp","href":"https:\/\/api.w.org\/{rel}","templated":true}]}}