{"id":3324,"date":"2024-11-22T12:56:30","date_gmt":"2024-11-22T11:56:30","guid":{"rendered":"https:\/\/sunuentreprise.sn\/?p=3324"},"modified":"2024-11-22T12:56:31","modified_gmt":"2024-11-22T11:56:31","slug":"fidak-2024-le-ministre-de-lindustrie-et-du-commerce-satisfait-des-preparatifs","status":"publish","type":"post","link":"https:\/\/sunuentreprise.sn\/index.php\/2024\/11\/22\/fidak-2024-le-ministre-de-lindustrie-et-du-commerce-satisfait-des-preparatifs\/","title":{"rendered":"FIDAK 2024 : Le ministre de l\u2019Industrie et du Commerce satisfait des pr\u00e9paratifs"},"content":{"rendered":"\n<p>En pr\u00e9lude \u00e0 la 32e Foire Internationale de Dakar (FIDAK) pr\u00e9vue du 28 novembre au 15 d\u00e9cembre 2024 et marquant le cinquantenaire du CICES, le ministre de l\u2019Industrie et du Commerce, Dr Serigne Gu\u00e8ye Diop a visit\u00e9 les chantiers d\u2019am\u00e9nagement des stands du Centre International du Commerce Ext\u00e9rieur du S\u00e9n\u00e9gal (CICES).<\/p>\n\n\n\n<figure class=\"wp-block-image size-large\"><img loading=\"lazy\" decoding=\"async\" width=\"1024\" height=\"811\" src=\"https:\/\/sunuentreprise.sn\/wp-content\/uploads\/2024\/11\/v4-1024x811.jpg\" alt=\"\" class=\"wp-image-3326\" srcset=\"https:\/\/sunuentreprise.sn\/wp-content\/uploads\/2024\/11\/v4-1024x811.jpg 1024w, https:\/\/sunuentreprise.sn\/wp-content\/uploads\/2024\/11\/v4-300x238.jpg 300w, https:\/\/sunuentreprise.sn\/wp-content\/uploads\/2024\/11\/v4-768x608.jpg 768w, https:\/\/sunuentreprise.sn\/wp-content\/uploads\/2024\/11\/v4.jpg 1080w\" sizes=\"auto, (max-width: 1024px) 100vw, 1024px\" \/><\/figure>\n\n\n\n<p><br>Accueilli par le Directeur G\u00e9n\u00e9ral du CICES, Mr Justin Correa, la d\u00e9l\u00e9gation minist\u00e9rielle a fait le tour des pavillons et des stands qui abriteront ce grand-rendez-vous du donner et du recevoir.<br>Apr\u00e8s avoir tir\u00e9 un bilan positif de l\u2019\u00e9tat d\u2019avancement des chantiers de la Fidak 2024, Dr Serigne Gu\u00e8ye Diop a f\u00e9licit\u00e9 le Directeur du Cices pour \u00ab\u00a0l\u2019excellent travail abattu\u00a0\u00bb. Si l\u2019on en croit le ministre, les diff\u00e9rents pays participants sont d\u00e9j\u00e0 \u00e0 pied d\u2019\u0153uvre. \u00ab\u00a0Les chantiers d\u2019am\u00e9nagement des stands sont extr\u00eamement avanc\u00e9s. Tout est fin pr\u00eat pour le lancement officiel de la Fidak\u00a0\u00bb, a d\u00e9clar\u00e9 le ministre.<\/p>\n\n\n\n<figure class=\"wp-block-image size-large\"><img loading=\"lazy\" decoding=\"async\" width=\"1024\" height=\"682\" src=\"https:\/\/sunuentreprise.sn\/wp-content\/uploads\/2024\/11\/v2-1024x682.jpg\" alt=\"\" class=\"wp-image-3327\" srcset=\"https:\/\/sunuentreprise.sn\/wp-content\/uploads\/2024\/11\/v2-1024x682.jpg 1024w, https:\/\/sunuentreprise.sn\/wp-content\/uploads\/2024\/11\/v2-300x200.jpg 300w, https:\/\/sunuentreprise.sn\/wp-content\/uploads\/2024\/11\/v2-768x511.jpg 768w, https:\/\/sunuentreprise.sn\/wp-content\/uploads\/2024\/11\/v2.jpg 1080w\" sizes=\"auto, (max-width: 1024px) 100vw, 1024px\" \/><\/figure>\n\n\n\n<p>Aussi a-t-il lanc\u00e9 un appel aux S\u00e9n\u00e9galais \u00e0 venir massivement visiter la foire. \u00ab&nbsp;C\u2019est avant tout un marketing du S\u00e9n\u00e9gal. Nous voulons vendre le S\u00e9n\u00e9gal de demain qui vient de faire une transition d\u00e9mocratique extr\u00eamement important. C\u2019est le S\u00e9n\u00e9gal a l\u2019\u00e8re du p\u00e9trole, du gaz, du phosphate&nbsp;!&nbsp;\u00bb, ajout t-il, non sans lancer un appel \u00e0 tous les minist\u00e8res \u00e0 s\u2019impliquer davantage pour la r\u00e9ussite de cet \u00e9v\u00e8nement \u00e9conomique.<\/p>\n\n\n\n<p><strong>Les pays invit\u00e9s d\u00e9j\u00e0 sur place<\/strong><\/p>\n\n\n\n<p>Si l\u2019on en croit le ministre, les deux pays invit\u00e9s, que sont le Rwanda et la Guin\u00e9e Conakry sont d\u00e9j\u00e0 sur les lieux et s\u2019activent dans les pr\u00e9paratifs. \u00ab&nbsp;Je pense que c&rsquo;est une occasion unique apr\u00e8s cette alternance de montrer que la foire va prendre un nouveau tournant&nbsp;\u00bb, a-t-il d\u00e9clar\u00e9.<br>Le ministre a d\u2019ailleurs exprim\u00e9 son souhait de r\u00e9fectionner le CICES dans les 50 ann\u00e9es \u00e0 venir en phase avec le R\u00e9f\u00e9rentiel S\u00e9n\u00e9gal 2050. Il a \u00e9galement fait part de son projet de d\u00e9localisation de la foire dans les huit p\u00f4les du S\u00e9n\u00e9gal (Matam, Thi\u00e8s, Saint-Louis\u2026) pour une meilleure promotion de nos produits locaux.<\/p>\n\n\n\n<figure class=\"wp-block-image size-large\"><img loading=\"lazy\" decoding=\"async\" width=\"1024\" height=\"557\" src=\"https:\/\/sunuentreprise.sn\/wp-content\/uploads\/2024\/11\/v6-1024x557.jpg\" alt=\"\" class=\"wp-image-3328\" srcset=\"https:\/\/sunuentreprise.sn\/wp-content\/uploads\/2024\/11\/v6-1024x557.jpg 1024w, https:\/\/sunuentreprise.sn\/wp-content\/uploads\/2024\/11\/v6-300x163.jpg 300w, https:\/\/sunuentreprise.sn\/wp-content\/uploads\/2024\/11\/v6-768x417.jpg 768w, https:\/\/sunuentreprise.sn\/wp-content\/uploads\/2024\/11\/v6.jpg 1080w\" sizes=\"auto, (max-width: 1024px) 100vw, 1024px\" \/><\/figure>\n","protected":false},"excerpt":{"rendered":"<p>En pr\u00e9lude \u00e0 la 32e Foire Internationale de Dakar<\/p>\n","protected":false},"author":1,"featured_media":3325,"comment_status":"open","ping_status":"open","sticky":false,"template":"","format":"standard","meta":{"footnotes":""},"categories":[13,53],"tags":[454,452,15,453],"class_list":["post-3324","post","type-post","status-publish","format-standard","has-post-thumbnail","hentry","category-a-la-une","category-actualites","tag-cices","tag-fidak-2024","tag-ministre-de-lindustrie-et-du-commerce","tag-visite-de-chantier"],"_links":{"self":[{"href":"https:\/\/sunuentreprise.sn\/index.php\/wp-json\/wp\/v2\/posts\/3324","targetHints":{"allow":["GET"]}}],"collection":[{"href":"https:\/\/sunuentreprise.sn\/index.php\/wp-json\/wp\/v2\/posts"}],"about":[{"href":"https:\/\/sunuentreprise.sn\/index.php\/wp-json\/wp\/v2\/types\/post"}],"author":[{"embeddable":true,"href":"https:\/\/sunuentreprise.sn\/index.php\/wp-json\/wp\/v2\/users\/1"}],"replies":[{"embeddable":true,"href":"https:\/\/sunuentreprise.sn\/index.php\/wp-json\/wp\/v2\/comments?post=3324"}],"version-history":[{"count":1,"href":"https:\/\/sunuentreprise.sn\/index.php\/wp-json\/wp\/v2\/posts\/3324\/revisions"}],"predecessor-version":[{"id":3329,"href":"https:\/\/sunuentreprise.sn\/index.php\/wp-json\/wp\/v2\/posts\/3324\/revisions\/3329"}],"wp:featuredmedia":[{"embeddable":true,"href":"https:\/\/sunuentreprise.sn\/index.php\/wp-json\/wp\/v2\/media\/3325"}],"wp:attachment":[{"href":"https:\/\/sunuentreprise.sn\/index.php\/wp-json\/wp\/v2\/media?parent=3324"}],"wp:term":[{"taxonomy":"category","embeddable":true,"href":"https:\/\/sunuentreprise.sn\/index.php\/wp-json\/wp\/v2\/categories?post=3324"},{"taxonomy":"post_tag","embeddable":true,"href":"https:\/\/sunuentreprise.sn\/index.php\/wp-json\/wp\/v2\/tags?post=3324"}],"curies":[{"name":"wp","href":"https:\/\/api.w.org\/{rel}","templated":true}]}}