{"id":3330,"date":"2024-11-22T17:09:21","date_gmt":"2024-11-22T16:09:21","guid":{"rendered":"https:\/\/sunuentreprise.sn\/?p=3330"},"modified":"2024-11-22T17:09:58","modified_gmt":"2024-11-22T16:09:58","slug":"forum-des-pme-en-casamance-ibrahima-thiam-appelle-a-miser-sur-les-pme-et-pmi-pour-une-veritable-dynamique-de-developpement","status":"publish","type":"post","link":"https:\/\/sunuentreprise.sn\/index.php\/2024\/11\/22\/forum-des-pme-en-casamance-ibrahima-thiam-appelle-a-miser-sur-les-pme-et-pmi-pour-une-veritable-dynamique-de-developpement\/","title":{"rendered":"Forum des PME en Casamance : Ibrahima Thiam appelle \u00e0 miser sur les PME et PMI pour une \u00ab v\u00e9ritable dynamique \u00bb de d\u00e9veloppement"},"content":{"rendered":"\n<p>Le secr\u00e9taire d\u2019\u00c9tat au d\u00e9veloppement des Petites et Moyennes Entreprises (PME) et Petites et Moyennes Industries (PMI), Ibrahima Thiam a pr\u00e9sid\u00e9 la c\u00e9r\u00e9monie d&rsquo;ouverture officielle de la deuxi\u00e8me \u00e9dition du forum des PME-PMI de la Casamance, en pr\u00e9sence du gouverneur de Ziguinchor, Mor Talla Tine, rapporte Aps.<br>Dans ce cadre, il a appel\u00e9 les populations \u00e0 miser davantage sur les sous-secteurs relevant de son domaine, en vue d\u2019impulser \u201cune v\u00e9ritable dynamique de d\u00e9veloppement\u201d dans les r\u00e9gions du sud du S\u00e9n\u00e9gal. \u201cIl faut miser davantage sur les PME et PMI aux fins d\u2019impulser en Casamance, une v\u00e9ritable dynamique de d\u00e9veloppement\u201d, a-t-il d\u00e9clar\u00e9.<br>.<br>A l\u2019occasion, des responsables de PME-PMI ainsi que des entrepreneurs venus des r\u00e9gions de Ziguinchor, Kolda et S\u00e9dhiou participaient \u00e0 ce forum organis\u00e9 \u00e0 la place Aline Sito\u00eb Diatta de Ziguinchor pour c\u00e9l\u00e9brer l\u2019entrepreneuriat.<br>Des produits locaux transform\u00e9s sont expos\u00e9s sur le site du forum ax\u00e9 sur le th\u00e8me \u201cPME\/PMI et souverainet\u00e9 alimentaire\u201d.<\/p>\n\n\n\n<p>\u201cLe gouvernement ambitionne de faire de la Casamance un p\u00f4le agro-industriel et touristique. Dans cette partie du pays, les opportunit\u00e9s d\u2019investissements sont \u00e9normes\u201d, a fait observer le secr\u00e9taire d\u2019\u00c9tat au d\u00e9veloppement des PME-PMI.<br>Selon Ibrahima Thiam, ce forum se veut un cadre d\u2019\u00e9changes, de r\u00e9flexion et de synergie entre les acteurs du secteur. Dans cette optique, il a appel\u00e9 \u00e0 sa p\u00e9rennisation pour en faire un levier de d\u00e9veloppement des terroirs, notamment dans les r\u00e9gions du sud du S\u00e9n\u00e9gal.<\/p>\n\n\n\n<p>L\u2019initiateur du \u201cForum des PME et PMI de la Casamance\u201d, Assane Diatta a pour sa part demand\u00e9 aux autorit\u00e9s \u00e9tatiques de valoriser et de redynamiser les PME et PMI d\u00e9j\u00e0 existantes pour promouvoir l\u2019entrepreneuriat dans cette r\u00e9gion naturelle de la Casamance. Ce qui contribuerait consid\u00e9rablement \u00e0 la cr\u00e9ation de beaucoup de richesses au profit des populations. Il a par ailleurs annonc\u00e9 la mise en place tr\u00e8s prochaine de la F\u00e9d\u00e9ration des PME et PMI de la Casamance.<\/p>\n\n\n\n<p>Le maire de la commune de Ziguinchor, Djibril Sonko, a quant \u00e0 lui invit\u00e9 les entrepreneurs \u00e0 profiter pleinement de ce forum pour faire la promotion du savoir-faire r\u00e9gional et pour relever le d\u00e9fi du d\u00e9veloppement des PME et PMI longtemps \u00e9prouv\u00e9es selon lui par la r\u00e9bellion dans cette partie Sud du S\u00e9n\u00e9gal.<\/p>\n","protected":false},"excerpt":{"rendered":"<p>Le secr\u00e9taire d\u2019\u00c9tat au d\u00e9veloppement des Petites et Moyennes<\/p>\n","protected":false},"author":1,"featured_media":3031,"comment_status":"open","ping_status":"open","sticky":false,"template":"","format":"standard","meta":{"footnotes":""},"categories":[13,4],"tags":[456,455,47],"class_list":["post-3330","post","type-post","status-publish","format-standard","has-post-thumbnail","hentry","category-a-la-une","category-pme-pmi","tag-casamance","tag-forum-des-pme","tag-ibrahima-thiam"],"_links":{"self":[{"href":"https:\/\/sunuentreprise.sn\/index.php\/wp-json\/wp\/v2\/posts\/3330","targetHints":{"allow":["GET"]}}],"collection":[{"href":"https:\/\/sunuentreprise.sn\/index.php\/wp-json\/wp\/v2\/posts"}],"about":[{"href":"https:\/\/sunuentreprise.sn\/index.php\/wp-json\/wp\/v2\/types\/post"}],"author":[{"embeddable":true,"href":"https:\/\/sunuentreprise.sn\/index.php\/wp-json\/wp\/v2\/users\/1"}],"replies":[{"embeddable":true,"href":"https:\/\/sunuentreprise.sn\/index.php\/wp-json\/wp\/v2\/comments?post=3330"}],"version-history":[{"count":1,"href":"https:\/\/sunuentreprise.sn\/index.php\/wp-json\/wp\/v2\/posts\/3330\/revisions"}],"predecessor-version":[{"id":3331,"href":"https:\/\/sunuentreprise.sn\/index.php\/wp-json\/wp\/v2\/posts\/3330\/revisions\/3331"}],"wp:featuredmedia":[{"embeddable":true,"href":"https:\/\/sunuentreprise.sn\/index.php\/wp-json\/wp\/v2\/media\/3031"}],"wp:attachment":[{"href":"https:\/\/sunuentreprise.sn\/index.php\/wp-json\/wp\/v2\/media?parent=3330"}],"wp:term":[{"taxonomy":"category","embeddable":true,"href":"https:\/\/sunuentreprise.sn\/index.php\/wp-json\/wp\/v2\/categories?post=3330"},{"taxonomy":"post_tag","embeddable":true,"href":"https:\/\/sunuentreprise.sn\/index.php\/wp-json\/wp\/v2\/tags?post=3330"}],"curies":[{"name":"wp","href":"https:\/\/api.w.org\/{rel}","templated":true}]}}