{"id":3332,"date":"2024-11-22T17:57:16","date_gmt":"2024-11-22T16:57:16","guid":{"rendered":"https:\/\/sunuentreprise.sn\/?p=3332"},"modified":"2024-11-22T17:57:17","modified_gmt":"2024-11-22T16:57:17","slug":"anta-germaine-gaye-des-mains-de-fees-au-service-de-la-peinture-sous-verre","status":"publish","type":"post","link":"https:\/\/sunuentreprise.sn\/index.php\/2024\/11\/22\/anta-germaine-gaye-des-mains-de-fees-au-service-de-la-peinture-sous-verre\/","title":{"rendered":"ANTA GERMAINE GAYE\u00a0: Des mains de f\u00e9es au service de la peinture sous verre"},"content":{"rendered":"\n<p>La 15e&nbsp;Biennale de l\u2019Art africain contemporain de Dakar rend un hommage \u00e0 une grande Dame des arts visuels s\u00e9n\u00e9galais. Anta Germaine est rest\u00e9e une vraie \u00ab&nbsp;Ndar ndar&nbsp;\u00bb (Saint louisienne) cultivant l\u2019\u00e9l\u00e9gance naturelle et la courtoisie embl\u00e9matique de la tradition de cette r\u00e9gion du nord S\u00e9n\u00e9gal. Artiste plasticienne s\u00e9n\u00e9galaise, elle a r\u00e9volutionn\u00e9 les codes de la peinture Sous verre appel\u00e9 SUWEER au pays de la Teranga. &nbsp;Elle porte le sobriquet de \u00ab\u00a0La dame du \u00ab\u00a0Souwerr\u00a0\u00bb. Elle a su imprimer sa marque dans ce style, \u00e0 c\u00f4t\u00e9 de Serigne Ndiaye, un autre grand artiste s\u00e9n\u00e9galais.<\/p>\n\n\n\n<figure class=\"wp-block-image size-large\"><img loading=\"lazy\" decoding=\"async\" width=\"768\" height=\"1024\" src=\"https:\/\/sunuentreprise.sn\/wp-content\/uploads\/2024\/11\/aa-768x1024.jpg\" alt=\"\" class=\"wp-image-3334\" srcset=\"https:\/\/sunuentreprise.sn\/wp-content\/uploads\/2024\/11\/aa-768x1024.jpg 768w, https:\/\/sunuentreprise.sn\/wp-content\/uploads\/2024\/11\/aa-225x300.jpg 225w, https:\/\/sunuentreprise.sn\/wp-content\/uploads\/2024\/11\/aa-1152x1536.jpg 1152w, https:\/\/sunuentreprise.sn\/wp-content\/uploads\/2024\/11\/aa-1536x2048.jpg 1536w, https:\/\/sunuentreprise.sn\/wp-content\/uploads\/2024\/11\/aa-450x600.jpg 450w, https:\/\/sunuentreprise.sn\/wp-content\/uploads\/2024\/11\/aa.jpg 1920w\" sizes=\"auto, (max-width: 768px) 100vw, 768px\" \/><\/figure>\n\n\n\n<p>A l\u2019Ancien Palais de justice o\u00f9 se tient l\u2019exposition internationale de la 15e Biennale de l\u2019Art africain contemporain de Dakar, l\u2019artiste Anta Germaine Gaye tient son espace. Un endroit privil\u00e9gi\u00e9 dans laquelle elle vous transporte dans le temps. L\u2019artiste, \u00e0 travers ses appartements priv\u00e9s nous pr\u00e9sente la reconstitution de Saint-Louis, premi\u00e8re capitale du S\u00e9n\u00e9gal, tout en d\u00e9voilant des pans de la vie saint-louisienne des ann\u00e9es 30-40 \u00e0 Santhiaba Nord, Avenue Leopold S\u00e9dar Senghor. Dans son carr\u00e9, c\u2019est l\u2019\u00e2me de l\u2019artiste qui nous accueille. Le concept de cette exposition qui montre exclusivement la\u00a0beaut\u00e9\u00a0naturelle, f\u00e9erique de la ville de Saint Louis,\u00a0la belle, la charmante, la vivante, la joyeuse qui met l\u2019accent sur l\u2019hospitalit\u00e9. Il est d\u00e9nomm\u00e9 \u00ab\u00a0Bismilah\u00a0\u00bb, en d\u2019autres termes \u00ab\u00a0Bienvenue\u00a0\u00bb, mettant en lumi\u00e8re ses r\u00e9f\u00e9rents, le substrat du terroir qui l\u2019a vu na\u00eetre et l\u2019a fa\u00e7onn\u00e9.<br>\u00a0<br>Entre le salon et une chambre richement d\u00e9cor\u00e9e avec des meubles et objets des ann\u00e9es 30-40, l&rsquo;espace est compl\u00e9t\u00e9 par les \u0153uvres de l\u2019artiste, peintures sous verre de diverses \u00e9poques et autres tableaux occupent les murs. La mise en sc\u00e8ne de cette chambre montre que Anta Germaine est une icone de l\u2019art au service du bon go\u00fbt a la s\u00e9n\u00e9galaise. Dans cette pi\u00e8ce, l\u2019artiste a voulu convoquer la nostalgie. Et il faut \u00eatre sur les lieux pour voir qu\u2019elle a fortement r\u00e9ussi. Elle nous a fait l&rsquo;honneur de \u00a0 p\u00e9n\u00e9trer dans la chambre, son intimit\u00e9 sous le concept \u00ab\u00a0Bissimilah\u00a0\u00bb en bonne femme saint Louisienne connue pour sa douceur et son \u00e9l\u00e9gance.<br>Elle met en valeur la femme saint-louisienne avec sa beaut\u00e9, son \u00e9l\u00e9gance, sa gentillesse d\u00e9bordante\u2026 La chambre se contemple de l\u2019ext\u00e9rieur avec le verre qui met de la distance et nous rappelle autant de souvenirs. Dans la chambre, il y a un lit drap\u00e9 en blanc avec de petits coussins, des signes d\u2019appartenance confr\u00e9riques et les photos de l\u2019artiste avec les quatre pr\u00e9sidents du S\u00e9n\u00e9gal de Leopold Sedar Senghor \u00e0 Macky Sall, accompagn\u00e9s de quelques \u0153uvres d\u2019art qu\u2019elle a sign\u00e9es. A c\u00f4t\u00e9 du lit se trouve un panier rempli de pagnes tiss\u00e9s, une machine \u00e0 p\u00e9dale, un moulin \u00e0 caf\u00e9 et un sc\u00e9nographe. Juste \u00e0 c\u00f4t\u00e9 de la porte, un encensoir nous accueille avec une odeur parfum\u00e9e et un t\u00e9l\u00e9phone des ann\u00e9es 60. Mais \u00e9galement dans la chambre, il y a presque partout des tasses et des cafeti\u00e8res comme pour marquer la f\u00e9minit\u00e9, les miroirs sous diff\u00e9rents formats sont accroch\u00e9s sur les quatre murs.<br>Des objets re\u00e7us en h\u00e9ritage familiale pour certains, achet\u00e9s ou emprunt\u00e9s pour d&rsquo;autres et rappelant \u00e0 l&rsquo;artiste son identit\u00e9.<br>\u00a0<br>Et ce n\u2019est pas tout. Il y a un petit couloir avec un \u00e9cran qui diffuse un film retra\u00e7ant l\u2019itin\u00e9raire de l\u2019artiste. Une grande cour en ext\u00e9rieure avec un petit jardin fait partie de la sc\u00e9nographie qui expose tout un pan d\u2019\u0153uvres et de sculptures de l\u2019artiste. C\u2019est un atelier fer et verre avec des \u0153uvres qui dialoguent avec les plantes du jardin.<\/p>\n\n\n\n<figure class=\"wp-block-image size-large\"><img loading=\"lazy\" decoding=\"async\" width=\"768\" height=\"1024\" src=\"https:\/\/sunuentreprise.sn\/wp-content\/uploads\/2024\/11\/aaa-768x1024.jpg\" alt=\"\" class=\"wp-image-3336\" srcset=\"https:\/\/sunuentreprise.sn\/wp-content\/uploads\/2024\/11\/aaa-768x1024.jpg 768w, https:\/\/sunuentreprise.sn\/wp-content\/uploads\/2024\/11\/aaa-225x300.jpg 225w, https:\/\/sunuentreprise.sn\/wp-content\/uploads\/2024\/11\/aaa-1152x1536.jpg 1152w, https:\/\/sunuentreprise.sn\/wp-content\/uploads\/2024\/11\/aaa-1536x2048.jpg 1536w, https:\/\/sunuentreprise.sn\/wp-content\/uploads\/2024\/11\/aaa-450x600.jpg 450w, https:\/\/sunuentreprise.sn\/wp-content\/uploads\/2024\/11\/aaa.jpg 1920w\" sizes=\"auto, (max-width: 768px) 100vw, 768px\" \/><\/figure>\n\n\n\n<p><strong>Chevalier de l\u2019ordre du m\u00e9rite<\/strong><\/p>\n\n\n\n<p>Son \u0153uvre et son engagement lui ont valu d\u2019\u00eatre d\u00e9cor\u00e9e \u201cChevalier de l\u2019ordre du M\u00e9rite en 1999 par le Pr\u00e9sident de la R\u00e9publique de l\u2019\u00e9poque. Major de sa promotion \u00e0 l&rsquo;\u00e9cole nationale des arts, Anta Germaine Gaye, c\u2019est l\u2019histoire de cette \u00ab\u00a0princesse\u00a0\u00bb n\u00e9e \u00e0 Saint Louis, un jour de 1953, qui a grandi chez ses parents \u00e0 Ndar (Saint Louis) puis \u00e0 l\u2019\u00eele de Gor\u00e9e. Elle a poursuivi ses \u00e9tudes \u00e0 Dakar o\u00f9 elle fera, des ann\u00e9es plus tard une licence en Lettres modernes \u00e0 l\u2019Universit\u00e9 Cheikh Anta Diop avant de s\u2019orienter, pour r\u00e9pondre \u00e0 une passion pour les arts plastiques, vers l\u2019Ecole Normale d\u2019Education Artistique. C\u2019\u00e9tait le point de d\u00e9part d\u2019une belle s\u00e9quence de l\u2019histoire des arts visuels au S\u00e9n\u00e9gal, particuli\u00e8rement la peinture dite \u00ab\u00a0sous verre\u00a0\u00bb (Suweer).<br>Ses nombreux admirateurs partagent le m\u00eame souhait pour elle : \u00ab\u00a0une longue vie au service du Beau et de la mission de transmission du Savoir\u00a0\u00bb.<\/p>\n","protected":false},"excerpt":{"rendered":"<p>La 15e&nbsp;Biennale de l\u2019Art africain contemporain de Dakar rend<\/p>\n","protected":false},"author":1,"featured_media":3333,"comment_status":"open","ping_status":"open","sticky":false,"template":"","format":"standard","meta":{"footnotes":""},"categories":[13,167],"tags":[457,424,458],"class_list":["post-3332","post","type-post","status-publish","format-standard","has-post-thumbnail","hentry","category-a-la-une","category-grand-angle","tag-anta-germaine-gaye","tag-biennale-2024","tag-peinture-sous-verre"],"_links":{"self":[{"href":"https:\/\/sunuentreprise.sn\/index.php\/wp-json\/wp\/v2\/posts\/3332","targetHints":{"allow":["GET"]}}],"collection":[{"href":"https:\/\/sunuentreprise.sn\/index.php\/wp-json\/wp\/v2\/posts"}],"about":[{"href":"https:\/\/sunuentreprise.sn\/index.php\/wp-json\/wp\/v2\/types\/post"}],"author":[{"embeddable":true,"href":"https:\/\/sunuentreprise.sn\/index.php\/wp-json\/wp\/v2\/users\/1"}],"replies":[{"embeddable":true,"href":"https:\/\/sunuentreprise.sn\/index.php\/wp-json\/wp\/v2\/comments?post=3332"}],"version-history":[{"count":1,"href":"https:\/\/sunuentreprise.sn\/index.php\/wp-json\/wp\/v2\/posts\/3332\/revisions"}],"predecessor-version":[{"id":3337,"href":"https:\/\/sunuentreprise.sn\/index.php\/wp-json\/wp\/v2\/posts\/3332\/revisions\/3337"}],"wp:featuredmedia":[{"embeddable":true,"href":"https:\/\/sunuentreprise.sn\/index.php\/wp-json\/wp\/v2\/media\/3333"}],"wp:attachment":[{"href":"https:\/\/sunuentreprise.sn\/index.php\/wp-json\/wp\/v2\/media?parent=3332"}],"wp:term":[{"taxonomy":"category","embeddable":true,"href":"https:\/\/sunuentreprise.sn\/index.php\/wp-json\/wp\/v2\/categories?post=3332"},{"taxonomy":"post_tag","embeddable":true,"href":"https:\/\/sunuentreprise.sn\/index.php\/wp-json\/wp\/v2\/tags?post=3332"}],"curies":[{"name":"wp","href":"https:\/\/api.w.org\/{rel}","templated":true}]}}