{"id":3367,"date":"2024-11-29T17:11:18","date_gmt":"2024-11-29T16:11:18","guid":{"rendered":"https:\/\/sunuentreprise.sn\/?p=3367"},"modified":"2024-11-29T17:11:44","modified_gmt":"2024-11-29T16:11:44","slug":"souverainete-alimentaire-le-ministre-de-lelevage-et-son-homologue-de-leducation-signent-une-convention-de-partenariat","status":"publish","type":"post","link":"https:\/\/sunuentreprise.sn\/index.php\/2024\/11\/29\/souverainete-alimentaire-le-ministre-de-lelevage-et-son-homologue-de-leducation-signent-une-convention-de-partenariat\/","title":{"rendered":"Souverainet\u00e9 Alimentaire : Le Ministre de l\u2019Elevage et son homologue de l\u2019Education signent une convention de Partenariat"},"content":{"rendered":"\n<p>Le ministre de l\u2019Agriculture, de la Souverainet\u00e9 Alimentaire et de l\u2019\u00c9levage, Dr Mabouba Diagne, et son homologue ministre de l\u2019\u00c9ducation Nationale, Moustapha Guirassy, ont sign\u00e9 une convention historique \u00e0 l\u2019occasion de la Journ\u00e9e Nationale des Daaras. Un partenariat qui vise \u00e0 accompagner les daaras dans leurs activit\u00e9s agricoles et d\u2019\u00e9levage. Cette initiative est une \u00e9tape d\u00e9cisive pour allier tradition et innovation au service de la souverainet\u00e9 alimentaire de notre pays.<\/p>\n\n\n\n<p>Le partenariat devrait \u00e9galement contribuer \u00e0 moderniser et renforcer les capacit\u00e9s des daaras dans les secteurs agricoles et pastoraux afin de les int\u00e9grer pleinement dans la dynamique d\u2019atteinte de la souverainet\u00e9 alimentaire.<br>Gr\u00e2ce \u00e0 cette collaboration, les daaras deviendront des acteurs cl\u00e9s du d\u00e9veloppement durable, en mettant en pratique des m\u00e9thodes modernes adapt\u00e9es \u00e0 leurs r\u00e9alit\u00e9s, tout en pr\u00e9servant leur vocation \u00e9ducative et spirituelle.<\/p>\n","protected":false},"excerpt":{"rendered":"<p>Le ministre de l\u2019Agriculture, de la Souverainet\u00e9 Alimentaire et<\/p>\n","protected":false},"author":1,"featured_media":3368,"comment_status":"open","ping_status":"open","sticky":false,"template":"","format":"standard","meta":{"footnotes":""},"categories":[13,65],"tags":[476,475,474,37],"class_list":["post-3367","post","type-post","status-publish","format-standard","has-post-thumbnail","hentry","category-a-la-une","category-agriculture-elevage","tag-convention-de-partenariat","tag-ministre-de-leducation","tag-ministre-de-lelevage","tag-souverainete-alimentaire"],"_links":{"self":[{"href":"https:\/\/sunuentreprise.sn\/index.php\/wp-json\/wp\/v2\/posts\/3367","targetHints":{"allow":["GET"]}}],"collection":[{"href":"https:\/\/sunuentreprise.sn\/index.php\/wp-json\/wp\/v2\/posts"}],"about":[{"href":"https:\/\/sunuentreprise.sn\/index.php\/wp-json\/wp\/v2\/types\/post"}],"author":[{"embeddable":true,"href":"https:\/\/sunuentreprise.sn\/index.php\/wp-json\/wp\/v2\/users\/1"}],"replies":[{"embeddable":true,"href":"https:\/\/sunuentreprise.sn\/index.php\/wp-json\/wp\/v2\/comments?post=3367"}],"version-history":[{"count":1,"href":"https:\/\/sunuentreprise.sn\/index.php\/wp-json\/wp\/v2\/posts\/3367\/revisions"}],"predecessor-version":[{"id":3369,"href":"https:\/\/sunuentreprise.sn\/index.php\/wp-json\/wp\/v2\/posts\/3367\/revisions\/3369"}],"wp:featuredmedia":[{"embeddable":true,"href":"https:\/\/sunuentreprise.sn\/index.php\/wp-json\/wp\/v2\/media\/3368"}],"wp:attachment":[{"href":"https:\/\/sunuentreprise.sn\/index.php\/wp-json\/wp\/v2\/media?parent=3367"}],"wp:term":[{"taxonomy":"category","embeddable":true,"href":"https:\/\/sunuentreprise.sn\/index.php\/wp-json\/wp\/v2\/categories?post=3367"},{"taxonomy":"post_tag","embeddable":true,"href":"https:\/\/sunuentreprise.sn\/index.php\/wp-json\/wp\/v2\/tags?post=3367"}],"curies":[{"name":"wp","href":"https:\/\/api.w.org\/{rel}","templated":true}]}}