{"id":3373,"date":"2024-12-01T09:49:18","date_gmt":"2024-12-01T08:49:18","guid":{"rendered":"https:\/\/sunuentreprise.sn\/?p=3373"},"modified":"2024-12-01T09:49:20","modified_gmt":"2024-12-01T08:49:20","slug":"le-senegal-et-la-belgique-sunissent-pour-une-souverainete-alimentaire-durable-dans-le-sine-saloum-un-investissement-de-26-milliards-de-fcfa-pour-renforcer-lagriculture-et-la-sante","status":"publish","type":"post","link":"https:\/\/sunuentreprise.sn\/index.php\/2024\/12\/01\/le-senegal-et-la-belgique-sunissent-pour-une-souverainete-alimentaire-durable-dans-le-sine-saloum-un-investissement-de-26-milliards-de-fcfa-pour-renforcer-lagriculture-et-la-sante\/","title":{"rendered":"Le S\u00e9n\u00e9gal et la Belgique s&rsquo;unissent pour une souverainet\u00e9 alimentaire durable dans le Sine-Saloum : Un investissement de 26 milliards de FCFA pour renforcer l&rsquo;agriculture et la sant\u00e9"},"content":{"rendered":"\n<p>Le S\u00e9n\u00e9gal et la Belgique ont franchi une nouvelle \u00e9tape dans leur coop\u00e9ration bilat\u00e9rale. \u00c0 l\u2019occasion de l\u2019ouverture du Comit\u00e9 mixte paritaire de concertation, les deux pays ont annonc\u00e9 le lancement d\u2019un ambitieux programme de coop\u00e9ration d\u2019une dur\u00e9e de cinq ans, dot\u00e9 d\u2019un budget de 26 milliards de francs CFA. Ce partenariat strat\u00e9gique vise \u00e0 renforcer la souverainet\u00e9 alimentaire et \u00e0 am\u00e9liorer les conditions de vie des populations du Sine-Saloum, une r\u00e9gion strat\u00e9gique pour le d\u00e9veloppement du S\u00e9n\u00e9gal.<\/p>\n\n\n\n<p>Ce nouveau programme de coop\u00e9ration, d\u2019une valeur de 40 millions d\u2019euros, se concentrera sur deux axes majeurs :<\/p>\n\n\n\n<ul class=\"wp-block-list\">\n<li>L&rsquo;agriculture et la souverainet\u00e9 alimentaire : En soutenant les agriculteurs du Sine-Saloum, le programme vise \u00e0 accro\u00eetre la production agricole, \u00e0 am\u00e9liorer la qualit\u00e9 des produits et \u00e0 renforcer la r\u00e9silience des communaut\u00e9s face aux changements climatiques. Des investissements seront notamment r\u00e9alis\u00e9s dans la modernisation des techniques agricoles, l&rsquo;irrigation, la valorisation des produits locaux et le d\u00e9veloppement de fili\u00e8res agricoles durables.<\/li>\n\n\n\n<li>Le programme accordera une attention particuli\u00e8re au renforcement du syst\u00e8me de sant\u00e9 dans la r\u00e9gion, en mettant l&rsquo;accent sur les besoins sp\u00e9cifiques des femmes, des jeunes et des enfants. Des actions seront men\u00e9es pour am\u00e9liorer l&rsquo;acc\u00e8s aux soins de sant\u00e9 de base, pr\u00e9venir les maladies et renforcer les capacit\u00e9s du personnel m\u00e9dical.<\/li>\n<\/ul>\n\n\n\n<p><strong>Une approche int\u00e9gr\u00e9e et durable<\/strong><\/p>\n\n\n\n<p>En choisissant de concentrer ses efforts sur le Sine-Saloum, la Belgique et le S\u00e9n\u00e9gal mettent en \u0153uvre une approche int\u00e9gr\u00e9e du d\u00e9veloppement, qui prend en compte les dimensions \u00e9conomiques, sociales et environnementales. Ce choix est motiv\u00e9 par la volont\u00e9 commune de renforcer la r\u00e9silience des communaut\u00e9s locales face aux d\u00e9fis du changement climatique et de favoriser un d\u00e9veloppement durable.<\/p>\n\n\n\n<p><strong>Les enjeux<\/strong><\/p>\n\n\n\n<p>Ce partenariat rev\u00eat une importance strat\u00e9gique pour le S\u00e9n\u00e9gal, qui souhaite renforcer sa souverainet\u00e9 alimentaire et am\u00e9liorer la qualit\u00e9 de vie de ses populations. Pour la Belgique, il s&rsquo;agit de contribuer \u00e0 la r\u00e9alisation des Objectifs de d\u00e9veloppement durable (ODD) et de renforcer ses liens avec un partenaire cl\u00e9 en Afrique de l&rsquo;Ouest.<br>Lors de la c\u00e9r\u00e9monie d&rsquo;ouverture, le ministre s\u00e9n\u00e9galais de l\u2019\u00c9conomie, du Plan et de la Coop\u00e9ration, Dr Abdourahmane Sarr, a salu\u00e9 cette initiative, soulignant qu&rsquo;elle s&rsquo;inscrit parfaitement dans la strat\u00e9gie de d\u00e9veloppement du S\u00e9n\u00e9gal. De son c\u00f4t\u00e9, Madame Heidy Rombouts, Directrice g\u00e9n\u00e9rale de la Coop\u00e9ration au d\u00e9veloppement belge, a r\u00e9affirm\u00e9 l&rsquo;engagement de son pays \u00e0 soutenir le d\u00e9veloppement du S\u00e9n\u00e9gal.<br>Ce nouveau partenariat entre le S\u00e9n\u00e9gal et la Belgique ouvre des perspectives prometteuses pour le d\u00e9veloppement du Sine-Saloum. En investissant dans l&rsquo;agriculture et la sant\u00e9, les deux pays contribuent \u00e0 renforcer la r\u00e9silience des communaut\u00e9s locales et \u00e0 am\u00e9liorer les conditions de vie de millions de personnes.<\/p>\n","protected":false},"excerpt":{"rendered":"<p>Le S\u00e9n\u00e9gal et la Belgique ont franchi une nouvelle<\/p>\n","protected":false},"author":1,"featured_media":3374,"comment_status":"open","ping_status":"open","sticky":false,"template":"","format":"standard","meta":{"footnotes":""},"categories":[13,53],"tags":[478,10,415,479,37],"class_list":["post-3373","post","type-post","status-publish","format-standard","has-post-thumbnail","hentry","category-a-la-une","category-actualites","tag-belgique","tag-cooperation","tag-senegal-2","tag-sine-saloum","tag-souverainete-alimentaire"],"_links":{"self":[{"href":"https:\/\/sunuentreprise.sn\/index.php\/wp-json\/wp\/v2\/posts\/3373","targetHints":{"allow":["GET"]}}],"collection":[{"href":"https:\/\/sunuentreprise.sn\/index.php\/wp-json\/wp\/v2\/posts"}],"about":[{"href":"https:\/\/sunuentreprise.sn\/index.php\/wp-json\/wp\/v2\/types\/post"}],"author":[{"embeddable":true,"href":"https:\/\/sunuentreprise.sn\/index.php\/wp-json\/wp\/v2\/users\/1"}],"replies":[{"embeddable":true,"href":"https:\/\/sunuentreprise.sn\/index.php\/wp-json\/wp\/v2\/comments?post=3373"}],"version-history":[{"count":1,"href":"https:\/\/sunuentreprise.sn\/index.php\/wp-json\/wp\/v2\/posts\/3373\/revisions"}],"predecessor-version":[{"id":3375,"href":"https:\/\/sunuentreprise.sn\/index.php\/wp-json\/wp\/v2\/posts\/3373\/revisions\/3375"}],"wp:featuredmedia":[{"embeddable":true,"href":"https:\/\/sunuentreprise.sn\/index.php\/wp-json\/wp\/v2\/media\/3374"}],"wp:attachment":[{"href":"https:\/\/sunuentreprise.sn\/index.php\/wp-json\/wp\/v2\/media?parent=3373"}],"wp:term":[{"taxonomy":"category","embeddable":true,"href":"https:\/\/sunuentreprise.sn\/index.php\/wp-json\/wp\/v2\/categories?post=3373"},{"taxonomy":"post_tag","embeddable":true,"href":"https:\/\/sunuentreprise.sn\/index.php\/wp-json\/wp\/v2\/tags?post=3373"}],"curies":[{"name":"wp","href":"https:\/\/api.w.org\/{rel}","templated":true}]}}