{"id":3390,"date":"2024-12-05T23:40:56","date_gmt":"2024-12-05T22:40:56","guid":{"rendered":"https:\/\/sunuentreprise.sn\/?p=3390"},"modified":"2024-12-05T23:40:57","modified_gmt":"2024-12-05T22:40:57","slug":"fidak-2024-accompagnant-100-entreprises-ladepme-fait-briller-le-made-in-senegal","status":"publish","type":"post","link":"https:\/\/sunuentreprise.sn\/index.php\/2024\/12\/05\/fidak-2024-accompagnant-100-entreprises-ladepme-fait-briller-le-made-in-senegal\/","title":{"rendered":"Fidak 2024 : Accompagnant 100 entreprises, l\u2019ADEPME fait briller le Made in S\u00e9n\u00e9gal"},"content":{"rendered":"\n<p>La 32e \u00e9dition de la Foire Internationale de Dakar (FIDAK) bat son plein avec les talents locaux qui incarnent le dynamisme et l\u2019avenir du Made in S\u00e9n\u00e9gal. Pour promouvoir la consommation locale, cette ann\u00e9e, l&rsquo;ADEPME tient ses quartiers au pavillon du S\u00e9n\u00e9gal avec 100 petites et moyennes entreprises s\u00e9n\u00e9galaises \u00e9voluant dans divers secteurs allant de la maroquinerie, au stylisme en passant par l&rsquo;agroalimentaire et les services.<br>L\u2019ADEPME offre \u00e0 ces dirigeants de PME\/PMI une belle opportunit\u00e9 de pr\u00e9senter leurs savoir-faire et innovations, refl\u00e9tant l\u2019ing\u00e9niosit\u00e9 et la richesse de notre \u00e9conomie nationale.<br>En soutenant ces 100 entreprises, la directrice g\u00e9n\u00e9rale de l&rsquo; \u2019ADEPME r\u00e9affirme le r\u00f4le cl\u00e9 de l&rsquo;institution qu&rsquo;elle dirige dans le d\u00e9veloppement \u00e9conomique du S\u00e9n\u00e9gal. Ainsi, l&rsquo;Agence pour le D\u00e9veloppement et l&rsquo;Encadrement des Petites et Moyennes Entreprises transforme les PME en moteurs de croissance durable en leur ouvrant de nouvelles perspectives pour renforcer leur comp\u00e9titivit\u00e9 sur tous les march\u00e9s.<br>Lors de sa visite au cices, le Ministre Secr\u00e9taire d\u2019Etat au D\u00e9veloppement des Pme-Pmi a fait le tour de ces stands. Ibrahima Thiam promet que l\u2019organisation et le financement de cette cat\u00e9gorie d\u2019entreprises seront pris en compte, dans le but de les aider \u00e0 se d\u00e9velopper. Selon M. Thiam, \u00ab si l\u2019industrie et le commerce marchent, si les PME jouent leur r\u00f4le en mati\u00e8re de cr\u00e9ation d\u2019emplois surtout, cela va aider \u00e0 transformer le pays dans les cinq prochaines ann\u00e9es \u00bb.<br>Il esp\u00e8re que \u2018\u2019cela devrait augmenter nos exportations, r\u00e9duire nos importations et favoriser la stabilisation des prix\u2019\u2019.<\/p>\n","protected":false},"excerpt":{"rendered":"<p>La 32e \u00e9dition de la Foire Internationale de Dakar<\/p>\n","protected":false},"author":1,"featured_media":3391,"comment_status":"open","ping_status":"open","sticky":false,"template":"","format":"standard","meta":{"footnotes":""},"categories":[13,4],"tags":[486,144,452],"class_list":["post-3390","post","type-post","status-publish","format-standard","has-post-thumbnail","hentry","category-a-la-une","category-pme-pmi","tag-100-entreprises","tag-adepme","tag-fidak-2024"],"_links":{"self":[{"href":"https:\/\/sunuentreprise.sn\/index.php\/wp-json\/wp\/v2\/posts\/3390","targetHints":{"allow":["GET"]}}],"collection":[{"href":"https:\/\/sunuentreprise.sn\/index.php\/wp-json\/wp\/v2\/posts"}],"about":[{"href":"https:\/\/sunuentreprise.sn\/index.php\/wp-json\/wp\/v2\/types\/post"}],"author":[{"embeddable":true,"href":"https:\/\/sunuentreprise.sn\/index.php\/wp-json\/wp\/v2\/users\/1"}],"replies":[{"embeddable":true,"href":"https:\/\/sunuentreprise.sn\/index.php\/wp-json\/wp\/v2\/comments?post=3390"}],"version-history":[{"count":1,"href":"https:\/\/sunuentreprise.sn\/index.php\/wp-json\/wp\/v2\/posts\/3390\/revisions"}],"predecessor-version":[{"id":3392,"href":"https:\/\/sunuentreprise.sn\/index.php\/wp-json\/wp\/v2\/posts\/3390\/revisions\/3392"}],"wp:featuredmedia":[{"embeddable":true,"href":"https:\/\/sunuentreprise.sn\/index.php\/wp-json\/wp\/v2\/media\/3391"}],"wp:attachment":[{"href":"https:\/\/sunuentreprise.sn\/index.php\/wp-json\/wp\/v2\/media?parent=3390"}],"wp:term":[{"taxonomy":"category","embeddable":true,"href":"https:\/\/sunuentreprise.sn\/index.php\/wp-json\/wp\/v2\/categories?post=3390"},{"taxonomy":"post_tag","embeddable":true,"href":"https:\/\/sunuentreprise.sn\/index.php\/wp-json\/wp\/v2\/tags?post=3390"}],"curies":[{"name":"wp","href":"https:\/\/api.w.org\/{rel}","templated":true}]}}