{"id":3406,"date":"2024-12-10T13:46:32","date_gmt":"2024-12-10T12:46:32","guid":{"rendered":"https:\/\/sunuentreprise.sn\/?p=3406"},"modified":"2024-12-10T13:46:33","modified_gmt":"2024-12-10T12:46:33","slug":"le-senegal-invite-les-investisseurs-allemands-a-saisir-de-nouvelles-opportunites","status":"publish","type":"post","link":"https:\/\/sunuentreprise.sn\/index.php\/2024\/12\/10\/le-senegal-invite-les-investisseurs-allemands-a-saisir-de-nouvelles-opportunites\/","title":{"rendered":"Le S\u00e9n\u00e9gal invite les investisseurs allemands \u00e0 saisir de nouvelles opportunit\u00e9s"},"content":{"rendered":"\n<p>Le ministre de l&rsquo;Industrie et du Commerce, Dr Serigne Gueye Diop, a lanc\u00e9 un appel aux entreprises allemandes pour investir dans les nombreux projets de d\u00e9veloppement du S\u00e9n\u00e9gal.<br>C&rsquo;\u00e9tait \u00e0 l&rsquo;occasion de la c\u00e9r\u00e9monie d&rsquo;ouverture officielle de l&rsquo;atelier \u00a0\u00bb Champions Invest for Jobs\u00a0\u00bb, un programme de la GIZ au S\u00e9n\u00e9gal.<br>L&rsquo;\u00e9v\u00e9nement qui s&rsquo;est d\u00e9roul\u00e9e en pr\u00e9sence l&rsquo;Ambassadeur d&rsquo;Allemagne au S\u00e9n\u00e9gal, a co\u00efncid\u00e9 avec la journ\u00e9e d\u00e9di\u00e9e \u00e0 l&rsquo;innovation et au partenariat.<\/p>\n\n\n<div class=\"wp-block-image\">\n<figure class=\"aligncenter size-large is-resized\"><img loading=\"lazy\" decoding=\"async\" width=\"1024\" height=\"682\" src=\"https:\/\/sunuentreprise.sn\/wp-content\/uploads\/2024\/12\/giz-Sen-1-1024x682.jpg\" alt=\"\" class=\"wp-image-3409\" style=\"width:635px;height:auto\" srcset=\"https:\/\/sunuentreprise.sn\/wp-content\/uploads\/2024\/12\/giz-Sen-1-1024x682.jpg 1024w, https:\/\/sunuentreprise.sn\/wp-content\/uploads\/2024\/12\/giz-Sen-1-300x200.jpg 300w, https:\/\/sunuentreprise.sn\/wp-content\/uploads\/2024\/12\/giz-Sen-1-768x512.jpg 768w, https:\/\/sunuentreprise.sn\/wp-content\/uploads\/2024\/12\/giz-Sen-1.jpg 1280w\" sizes=\"auto, (max-width: 1024px) 100vw, 1024px\" \/><\/figure>\n<\/div>\n\n\n<p>Le Ministre et l&rsquo;Ambassadeur d&rsquo;Allemagne au S\u00e9n\u00e9gal ont \u00e0 l&rsquo;occasion proc\u00e9d\u00e9 \u00e0 la visite des stands des PME-PMI accompagn\u00e9es par le programme lanc\u00e9 en 2019. Invest for Jobs a d\u00e9j\u00e0 permis d&rsquo;avoir de belles avanc\u00e9es magnifi\u00e9es par les deux autorit\u00e9s.<br>Dans le cadre de cette coop\u00e9ration s\u00e9n\u00e9galo-allemande, la GIZ entend poursuivre le programme jusqu&rsquo;en 2027. Une seconde phase d&rsquo;ex\u00e9cution qui ouvre de belles perspectives en vue de soutenir davantage les petites et moyennes entreprises s\u00e9n\u00e9galaises pour une croissance durable s&rsquo;inscrivant en droite ligne de la vision S\u00e9n\u00e9gal 2050.<\/p>\n\n\n<div class=\"wp-block-image\">\n<figure class=\"aligncenter size-large is-resized\"><img loading=\"lazy\" decoding=\"async\" width=\"1024\" height=\"682\" src=\"https:\/\/sunuentreprise.sn\/wp-content\/uploads\/2024\/12\/GizSen-5-1024x682.jpg\" alt=\"\" class=\"wp-image-3410\" style=\"width:815px;height:auto\" srcset=\"https:\/\/sunuentreprise.sn\/wp-content\/uploads\/2024\/12\/GizSen-5-1024x682.jpg 1024w, https:\/\/sunuentreprise.sn\/wp-content\/uploads\/2024\/12\/GizSen-5-300x200.jpg 300w, https:\/\/sunuentreprise.sn\/wp-content\/uploads\/2024\/12\/GizSen-5-768x512.jpg 768w, https:\/\/sunuentreprise.sn\/wp-content\/uploads\/2024\/12\/GizSen-5.jpg 1280w\" sizes=\"auto, (max-width: 1024px) 100vw, 1024px\" \/><\/figure>\n<\/div>\n\n\n<p><br>La relance des fili\u00e8res Textile, Cuirs et eaux, automobile, agroalimentaire entre autres seront au centre des priorit\u00e9s pour le renouveau industriel.<br>L&rsquo;occasion a permis au Ministre s\u00e9n\u00e9galais de l&rsquo;Industrie et du Commerce, Dr Serigne Gueye Diop, de souligner les nombreuses opportunit\u00e9s d&rsquo;investissement qu&rsquo;offre le S\u00e9n\u00e9gal aux entreprises allemandes.<br>Le ministre a pr\u00e9sent\u00e9 la vision ambitieuse du gouvernement s\u00e9n\u00e9galais, ax\u00e9e sur la cr\u00e9ation de p\u00f4les industriels et agro-industriels dans tout le pays. Ce projet s&rsquo;inscrit dans le cadre du plan S\u00e9n\u00e9gal 2050, qui vise une croissance \u00e9conomique soutenue et une am\u00e9lioration du niveau de vie de la population.<\/p>\n\n\n<div class=\"wp-block-image\">\n<figure class=\"aligncenter size-large is-resized\"><img loading=\"lazy\" decoding=\"async\" width=\"1024\" height=\"682\" src=\"https:\/\/sunuentreprise.sn\/wp-content\/uploads\/2024\/12\/Giz-Sen-3-1024x682.jpg\" alt=\"\" class=\"wp-image-3413\" style=\"width:800px;height:auto\" srcset=\"https:\/\/sunuentreprise.sn\/wp-content\/uploads\/2024\/12\/Giz-Sen-3-1024x682.jpg 1024w, https:\/\/sunuentreprise.sn\/wp-content\/uploads\/2024\/12\/Giz-Sen-3-300x200.jpg 300w, https:\/\/sunuentreprise.sn\/wp-content\/uploads\/2024\/12\/Giz-Sen-3-768x512.jpg 768w, https:\/\/sunuentreprise.sn\/wp-content\/uploads\/2024\/12\/Giz-Sen-3.jpg 1280w\" sizes=\"auto, (max-width: 1024px) 100vw, 1024px\" \/><\/figure>\n<\/div>\n\n\n<p><strong>Des secteurs porteurs<\/strong><\/p>\n\n\n\n<p>Le ministre a mis en avant plusieurs secteurs cl\u00e9s o\u00f9 les investissements allemands seraient les bienvenus Les industries extractives : Le S\u00e9n\u00e9gal dispose de nombreuses ressources naturelles, notamment mini\u00e8res, offrant de belles perspectives pour les entreprises sp\u00e9cialis\u00e9es dans l&rsquo;exploitation et la transformation.<br>Les industries agro-alimentaires avec le secteur agricole \u00e9tant un pilier de l&rsquo;\u00e9conomie s\u00e9n\u00e9galaise, il existe un fort potentiel pour d\u00e9velopper des industries de transformation agro-alimentaire.<br>Les services \u00e0 valeur ajout\u00e9e comme le tourisme, les industries culturelles et cr\u00e9atives, ainsi que le secteur num\u00e9rique sont \u00e9galement des domaines en plein essor au S\u00e9n\u00e9gal.<\/p>\n\n\n\n<p><strong>Un partenariat strat\u00e9gique<\/strong><\/p>\n\n\n\n<p>Dr Serigne Gueye Diop a salu\u00e9 la coop\u00e9ration fructueuse entre le S\u00e9n\u00e9gal et l&rsquo;Allemagne, notamment gr\u00e2ce \u00e0 des initiatives comme le projet intersectoriel de la Taskforce S\u00e9n\u00e9gal. Il a soulign\u00e9 l&rsquo;importance des PME allemandes dans l&rsquo;\u00e9conomie de leur pays et leur capacit\u00e9 \u00e0 transformer durablement les \u00e9conomies.<br>Le ministre a rappel\u00e9 les nombreux atouts du S\u00e9n\u00e9gal pour les investisseurs. Le S\u00e9n\u00e9gal b\u00e9n\u00e9ficie d&rsquo;une population jeune et dynamique, ainsi que d&rsquo;une classe moyenne en expansion, une stabilit\u00e9 politique et \u00e9conomique : le pays est r\u00e9put\u00e9 pour sa stabilit\u00e9 et offre un environnement favorable aux affaires.<br>\u00c0 cel\u00e0, s&rsquo;ajoutent des incitations fiscales. Le gouvernement s\u00e9n\u00e9galais propose des incitations fiscales et douani\u00e8res pour attirer les investisseurs.<br>En conclusion, Serigne Gueye DIOP a lanc\u00e9 un appel aux entreprises allemandes pour saisir les opportunit\u00e9s offertes par le S\u00e9n\u00e9gal. Il a soulign\u00e9 que les partenariats entre les deux pays pouvaient \u00eatre mutuellement b\u00e9n\u00e9fiques et contribuer au d\u00e9veloppement durable de l&rsquo;Afrique.<\/p>\n\n\n<div class=\"wp-block-image\">\n<figure class=\"aligncenter size-large is-resized\"><img loading=\"lazy\" decoding=\"async\" width=\"1024\" height=\"682\" src=\"https:\/\/sunuentreprise.sn\/wp-content\/uploads\/2024\/12\/Giz-Sen-2-1024x682.jpg\" alt=\"\" class=\"wp-image-3412\" style=\"width:740px;height:auto\" srcset=\"https:\/\/sunuentreprise.sn\/wp-content\/uploads\/2024\/12\/Giz-Sen-2-1024x682.jpg 1024w, https:\/\/sunuentreprise.sn\/wp-content\/uploads\/2024\/12\/Giz-Sen-2-300x200.jpg 300w, https:\/\/sunuentreprise.sn\/wp-content\/uploads\/2024\/12\/Giz-Sen-2-768x512.jpg 768w, https:\/\/sunuentreprise.sn\/wp-content\/uploads\/2024\/12\/Giz-Sen-2.jpg 1280w\" sizes=\"auto, (max-width: 1024px) 100vw, 1024px\" \/><\/figure>\n<\/div>\n\n\n<p><\/p>\n","protected":false},"excerpt":{"rendered":"<p>Le ministre de l&rsquo;Industrie et du Commerce, Dr Serigne<\/p>\n","protected":false},"author":1,"featured_media":3407,"comment_status":"open","ping_status":"open","sticky":false,"template":"","format":"standard","meta":{"footnotes":""},"categories":[13,53,64],"tags":[449,222,492,11],"class_list":["post-3406","post","type-post","status-publish","format-standard","has-post-thumbnail","hentry","category-a-la-une","category-actualites","category-commerce","tag-allemagne","tag-cooperation-2","tag-dr-serigne-gueye-diop","tag-senegal"],"_links":{"self":[{"href":"https:\/\/sunuentreprise.sn\/index.php\/wp-json\/wp\/v2\/posts\/3406","targetHints":{"allow":["GET"]}}],"collection":[{"href":"https:\/\/sunuentreprise.sn\/index.php\/wp-json\/wp\/v2\/posts"}],"about":[{"href":"https:\/\/sunuentreprise.sn\/index.php\/wp-json\/wp\/v2\/types\/post"}],"author":[{"embeddable":true,"href":"https:\/\/sunuentreprise.sn\/index.php\/wp-json\/wp\/v2\/users\/1"}],"replies":[{"embeddable":true,"href":"https:\/\/sunuentreprise.sn\/index.php\/wp-json\/wp\/v2\/comments?post=3406"}],"version-history":[{"count":1,"href":"https:\/\/sunuentreprise.sn\/index.php\/wp-json\/wp\/v2\/posts\/3406\/revisions"}],"predecessor-version":[{"id":3414,"href":"https:\/\/sunuentreprise.sn\/index.php\/wp-json\/wp\/v2\/posts\/3406\/revisions\/3414"}],"wp:featuredmedia":[{"embeddable":true,"href":"https:\/\/sunuentreprise.sn\/index.php\/wp-json\/wp\/v2\/media\/3407"}],"wp:attachment":[{"href":"https:\/\/sunuentreprise.sn\/index.php\/wp-json\/wp\/v2\/media?parent=3406"}],"wp:term":[{"taxonomy":"category","embeddable":true,"href":"https:\/\/sunuentreprise.sn\/index.php\/wp-json\/wp\/v2\/categories?post=3406"},{"taxonomy":"post_tag","embeddable":true,"href":"https:\/\/sunuentreprise.sn\/index.php\/wp-json\/wp\/v2\/tags?post=3406"}],"curies":[{"name":"wp","href":"https:\/\/api.w.org\/{rel}","templated":true}]}}