{"id":3418,"date":"2024-12-12T17:18:44","date_gmt":"2024-12-12T16:18:44","guid":{"rendered":"https:\/\/sunuentreprise.sn\/?p=3418"},"modified":"2024-12-12T17:25:31","modified_gmt":"2024-12-12T16:25:31","slug":"journee-nationale-du-senegal-dr-serigne-gueye-diop-plaide-pour-lexportation-des-produits-made-in-senegal","status":"publish","type":"post","link":"https:\/\/sunuentreprise.sn\/index.php\/2024\/12\/12\/journee-nationale-du-senegal-dr-serigne-gueye-diop-plaide-pour-lexportation-des-produits-made-in-senegal\/","title":{"rendered":"Journ\u00e9e Nationale du S\u00e9n\u00e9gal : Dr Serigne Gueye Diop plaide pour l\u2019exportation des produits \u00ab\u00a0Made in S\u00e9n\u00e9gal\u00a0\u00bb"},"content":{"rendered":"\n<p>En marge de la 32e \u00e9dition de FIDAK marquant les 50 ans du CICES, sous la houlette de l\u2019Asepex la journ\u00e9e nationale du S\u00e9n\u00e9gal \u00e0 \u00e9t\u00e9 c\u00e9l\u00e9br\u00e9e hier. La c\u00e9r\u00e9monie officielle a \u00e9t\u00e9 pr\u00e9sid\u00e9e par le Ministre de l\u2019Industrie et du Commerce, Serigne Gueye Diop. La c\u00e9l\u00e9bration de cette journ\u00e9e a connu une grande mobilisation avec la pr\u00e9sence de nombreux Directeurs G\u00e9n\u00e9raux, des repr\u00e9sentants des corps diplomatiques accr\u00e9dit\u00e9s au S\u00e9n\u00e9gal et des entrepreneurs.<\/p>\n\n\n\n<p>Le Ministre de l\u2019industrie et du Commerce dans son allocution a profit\u00e9 de l\u2019occasion pour souligner les nombreuses opportunit\u00e9s d\u2019investissement qu&rsquo;offre le S\u00e9n\u00e9gal. Serigne Gueye Diop a pr\u00e9sent\u00e9 devant l&rsquo;assistance, la vision ambitieuse du gouvernement s\u00e9n\u00e9galais, ax\u00e9e sur la cr\u00e9ation de p\u00f4les industriels et agro-industriels dans tout le pays. Ce projet s\u2019inscrit dans le cadre du plan S\u00e9n\u00e9gal 2050, qui vise une croissance \u00e9conomique soutenue et une am\u00e9lioration du niveau de vie de la population.<br>\u00ab En ce jour sp\u00e9cial, nous c\u00e9l\u00e9brons non seulement notre nation, mais aussi le talent, la cr\u00e9ativit\u00e9 et l\u2019innovation de nos braves femmes entrepreneures, de nos jeunes start-ups, des industriels, des artistes et producteurs, qui portent haut les couleurs de notre \u00e9conomie. Leur travail acharn\u00e9, leur d\u00e9termination et leur g\u00e9nie illustrent la vitalit\u00e9 et la r\u00e9silience de notre tissu \u00e9conomique \u00bb, a d\u00e9clar\u00e9 le ministre.<br>Soulignant que le gouvernement, sous la vision \u00e9clair\u00e9e de Son Excellence, Monsieur Bassirou Diomaye Diakhar Faye, Pr\u00e9sident de la R\u00e9publique du S\u00e9n\u00e9gal, s\u2019est fix\u00e9 pour mission de transformer structurellement notre \u00e9conomie, avec une attention particuli\u00e8re accord\u00e9e \u00e0 l\u2019industrialisation et \u00e0 la promotion des exportations. C\u2019est ainsi que le Projet \u00ab S\u00e9n\u00e9gal 2050 \u00bb, met un accent particulier sur le d\u00e9veloppement de cha\u00eenes de valeur comp\u00e9titives, int\u00e9gr\u00e9es et durables.<br>Le Ministre s\u2019est \u00e9galement pench\u00e9 sur la prochaine participation du S\u00e9n\u00e9gal \u00e0 l\u2019exposition universelle Osaka 2025. \u00ab Pour la premi\u00e8re fois de son histoire, le S\u00e9n\u00e9gal aura un pavillon de type B. Seul 6 pays africains ont pu avoir un pavillon de type B sortant du lot des PMA avec des pavillons collectifs \u00bb, se rejouit-t-il.<\/p>\n\n\n\n<p>Dans son allocution, le patron de l\u2019Industrie et du Commerce a soulign\u00e9 l\u2019importance de l\u2019ASEPEX dans le dispositif d\u2019accompagnement des entreprises notamment celles exportatrices. Il a \u00e9galement indiqu\u00e9 le r\u00f4le central que l\u2019ASEPEX joue dans la mise en \u0153uvre de la vision des nouvelles autorit\u00e9s. L&rsquo;ancien Maire de Sandiara a par ailleurs f\u00e9licit\u00e9 le Directeur G\u00e9n\u00e9ral du Cices, Justin Correa et exprim\u00e9 son souhait de r\u00e9fectionner le CICES dans les 50 ann\u00e9es \u00e0 venir en phase avec le R\u00e9f\u00e9rentiel S\u00e9n\u00e9gal 2050. Il a \u00e9galement fait part de son projet de d\u00e9localisation de la foire dans les huit p\u00f4les du S\u00e9n\u00e9gal (Matam, Thi\u00e8s, Saint-Louis\u2026) pour une meilleure promotion de nos produits locaux.<br>Dans son mot de Bienvenue, le Directeur g\u00e9n\u00e9ral du Cices, Justin Correa a salu\u00e9 l\u2019engagement du minist\u00e8re de l&rsquo;industrie et du Commerce pour r\u00e9ussite de cette 32e \u00e9dition de la FIDAK.<\/p>\n\n\n\n<p><\/p>\n","protected":false},"excerpt":{"rendered":"<p>En marge de la 32e \u00e9dition de FIDAK marquant<\/p>\n","protected":false},"author":1,"featured_media":3421,"comment_status":"open","ping_status":"open","sticky":false,"template":"","format":"standard","meta":{"footnotes":""},"categories":[13,53],"tags":[425,495,496,11,143],"class_list":["post-3418","post","type-post","status-publish","format-standard","has-post-thumbnail","hentry","category-a-la-une","category-actualites","tag-exportation","tag-journee-nationale","tag-made-in-senegal","tag-senegal","tag-serigne-gueye-diop"],"_links":{"self":[{"href":"https:\/\/sunuentreprise.sn\/index.php\/wp-json\/wp\/v2\/posts\/3418","targetHints":{"allow":["GET"]}}],"collection":[{"href":"https:\/\/sunuentreprise.sn\/index.php\/wp-json\/wp\/v2\/posts"}],"about":[{"href":"https:\/\/sunuentreprise.sn\/index.php\/wp-json\/wp\/v2\/types\/post"}],"author":[{"embeddable":true,"href":"https:\/\/sunuentreprise.sn\/index.php\/wp-json\/wp\/v2\/users\/1"}],"replies":[{"embeddable":true,"href":"https:\/\/sunuentreprise.sn\/index.php\/wp-json\/wp\/v2\/comments?post=3418"}],"version-history":[{"count":1,"href":"https:\/\/sunuentreprise.sn\/index.php\/wp-json\/wp\/v2\/posts\/3418\/revisions"}],"predecessor-version":[{"id":3420,"href":"https:\/\/sunuentreprise.sn\/index.php\/wp-json\/wp\/v2\/posts\/3418\/revisions\/3420"}],"wp:featuredmedia":[{"embeddable":true,"href":"https:\/\/sunuentreprise.sn\/index.php\/wp-json\/wp\/v2\/media\/3421"}],"wp:attachment":[{"href":"https:\/\/sunuentreprise.sn\/index.php\/wp-json\/wp\/v2\/media?parent=3418"}],"wp:term":[{"taxonomy":"category","embeddable":true,"href":"https:\/\/sunuentreprise.sn\/index.php\/wp-json\/wp\/v2\/categories?post=3418"},{"taxonomy":"post_tag","embeddable":true,"href":"https:\/\/sunuentreprise.sn\/index.php\/wp-json\/wp\/v2\/tags?post=3418"}],"curies":[{"name":"wp","href":"https:\/\/api.w.org\/{rel}","templated":true}]}}