{"id":3547,"date":"2024-12-20T11:17:05","date_gmt":"2024-12-20T10:17:05","guid":{"rendered":"https:\/\/sunuentreprise.sn\/?p=3547"},"modified":"2024-12-20T11:28:16","modified_gmt":"2024-12-20T10:28:16","slug":"formation-professionnelle-50-jeunes-prets-a-lemploi-chez-eiffage-senegal-grace-au-3fpt","status":"publish","type":"post","link":"https:\/\/sunuentreprise.sn\/index.php\/2024\/12\/20\/formation-professionnelle-50-jeunes-prets-a-lemploi-chez-eiffage-senegal-grace-au-3fpt\/","title":{"rendered":"Formation professionnelle : 50 jeunes pr\u00eats \u00e0 l&#8217;emploi chez Eiffage S\u00e9n\u00e9gal gr\u00e2ce au 3FPT"},"content":{"rendered":"\n<p>Dans le cadre d\u2019un Projet de Formation-Insertion (PFI), port\u00e9 par le 3FPT, en partenariat avec Eiffage S\u00e9n\u00e9gal et le Centre Sectoriel de Formation Professionnelle aux M\u00e9tiers du BTP, 50 jeunes ont \u00e9t\u00e9 form\u00e9s et ins\u00e9r\u00e9s chez Eiffage S\u00e9n\u00e9gal.<br>La c\u00e9r\u00e9monie de remise des attestations de fin de formation \u00e0 ces jeunes issus des communes de Sindia et Hann Bel-Air s\u2019est tenue en pr\u00e9sence de Dr Babo Amadou BA, Directeur g\u00e9n\u00e9ral du 3FPT, de M. Franck MONPATE, Directeur g\u00e9n\u00e9ral de Eiffage au S\u00e9n\u00e9gal, du Directeur du CSFP-BTP, M. Cyril Oscar BADJI, du repr\u00e9sentant du maire de Sindia et Mme le sous-pr\u00e9fet de la localit\u00e9.<\/p>\n\n\n\n<p>Ce projet qui s\u2019inscrit dans la d\u00e9marche de Responsabilit\u00e9 Soci\u00e9tale des Entreprises (RSE) d\u2019Eiffage, a mobilis\u00e9 un investissement total de 34 314 017 FCFA, permettant \u00e0 ces jeunes de b\u00e9n\u00e9ficier d\u2019une formation dans les m\u00e9tiers du B\u00e2timent et des Travaux Publics (BTP). Plus loin, le 3FPT leur ouvre les portes d\u2019une insertion professionnelle directe, gr\u00e2ce \u00e0 un recrutement chez Eiffage \u00e0 l\u2019issue de leur apprentissage.<\/p>\n\n\n\n<p>Cette initiative, fruit d\u2019une collaboration entre le 3FPT, Eiffage S\u00e9n\u00e9gal, le CSFP-BTP et ces collectivit\u00e9s locales, met l&rsquo;accent sur l\u2019importance de la formation professionnelle dans la promotion de l\u2019emploi des jeunes et le d\u00e9veloppement des comp\u00e9tences locales.<\/p>\n\n\n\n<figure class=\"wp-block-image size-large\"><img loading=\"lazy\" decoding=\"async\" width=\"1024\" height=\"683\" src=\"https:\/\/sunuentreprise.sn\/wp-content\/uploads\/2024\/12\/3-1-1024x683.jpg\" alt=\"\" class=\"wp-image-3550\" srcset=\"https:\/\/sunuentreprise.sn\/wp-content\/uploads\/2024\/12\/3-1-1024x683.jpg 1024w, https:\/\/sunuentreprise.sn\/wp-content\/uploads\/2024\/12\/3-1-300x200.jpg 300w, https:\/\/sunuentreprise.sn\/wp-content\/uploads\/2024\/12\/3-1-768x512.jpg 768w, https:\/\/sunuentreprise.sn\/wp-content\/uploads\/2024\/12\/3-1-1536x1024.jpg 1536w, https:\/\/sunuentreprise.sn\/wp-content\/uploads\/2024\/12\/3-1.jpg 2048w\" sizes=\"auto, (max-width: 1024px) 100vw, 1024px\" \/><\/figure>\n\n\n\n<p><\/p>\n","protected":false},"excerpt":{"rendered":"<p>Dans le cadre d\u2019un Projet de Formation-Insertion (PFI), port\u00e9<\/p>\n","protected":false},"author":1,"featured_media":3548,"comment_status":"open","ping_status":"open","sticky":false,"template":"","format":"standard","meta":{"footnotes":""},"categories":[13,53],"tags":[266,509,511,510,230],"class_list":["post-3547","post","type-post","status-publish","format-standard","has-post-thumbnail","hentry","category-a-la-une","category-actualites","tag-3fpt","tag-50-jeunes","tag-eiffage-senegal","tag-emlpoi","tag-formation-professionnelle"],"_links":{"self":[{"href":"https:\/\/sunuentreprise.sn\/index.php\/wp-json\/wp\/v2\/posts\/3547","targetHints":{"allow":["GET"]}}],"collection":[{"href":"https:\/\/sunuentreprise.sn\/index.php\/wp-json\/wp\/v2\/posts"}],"about":[{"href":"https:\/\/sunuentreprise.sn\/index.php\/wp-json\/wp\/v2\/types\/post"}],"author":[{"embeddable":true,"href":"https:\/\/sunuentreprise.sn\/index.php\/wp-json\/wp\/v2\/users\/1"}],"replies":[{"embeddable":true,"href":"https:\/\/sunuentreprise.sn\/index.php\/wp-json\/wp\/v2\/comments?post=3547"}],"version-history":[{"count":2,"href":"https:\/\/sunuentreprise.sn\/index.php\/wp-json\/wp\/v2\/posts\/3547\/revisions"}],"predecessor-version":[{"id":3552,"href":"https:\/\/sunuentreprise.sn\/index.php\/wp-json\/wp\/v2\/posts\/3547\/revisions\/3552"}],"wp:featuredmedia":[{"embeddable":true,"href":"https:\/\/sunuentreprise.sn\/index.php\/wp-json\/wp\/v2\/media\/3548"}],"wp:attachment":[{"href":"https:\/\/sunuentreprise.sn\/index.php\/wp-json\/wp\/v2\/media?parent=3547"}],"wp:term":[{"taxonomy":"category","embeddable":true,"href":"https:\/\/sunuentreprise.sn\/index.php\/wp-json\/wp\/v2\/categories?post=3547"},{"taxonomy":"post_tag","embeddable":true,"href":"https:\/\/sunuentreprise.sn\/index.php\/wp-json\/wp\/v2\/tags?post=3547"}],"curies":[{"name":"wp","href":"https:\/\/api.w.org\/{rel}","templated":true}]}}