{"id":3568,"date":"2024-12-23T14:41:28","date_gmt":"2024-12-23T13:41:28","guid":{"rendered":"https:\/\/sunuentreprise.sn\/?p=3568"},"modified":"2024-12-23T14:41:29","modified_gmt":"2024-12-23T13:41:29","slug":"lanpej-equipe-des-jeunes-entrepreneurs-avec-un-financement-de-150-millions","status":"publish","type":"post","link":"https:\/\/sunuentreprise.sn\/index.php\/2024\/12\/23\/lanpej-equipe-des-jeunes-entrepreneurs-avec-un-financement-de-150-millions\/","title":{"rendered":"L\u2019ANPEJ \u00e9quipe des jeunes entrepreneurs avec un financement de 150 millions"},"content":{"rendered":"\n<p>L\u2019Agence nationale pour la promotion de l\u2019emploi des jeunes (ANPEJ) a remis du mat\u00e9riel \u00e0 douze jeunes entrepreneurs \u00e9voluant dans diff\u00e9rentes activit\u00e9s du d\u00e9partement de Kaffrine.<\/p>\n\n\n\n<p>\u00a0Cette initiative qui entre dans le cadre d\u2019un projet, a d\u00e9marr\u00e9 depuis 2023 pour cette ann\u00e9e. Elle concerne de jeunes entrepreneurs des r\u00e9gions de Kaffrine, Tamba (est) et K\u00e9dougou (sud-est) avec un financement de 150 millions de FCFA.<\/p>\n\n\n\n\n\n<p>La c\u00e9r\u00e9monie officielle de la remise de ce mat\u00e9riel aux b\u00e9n\u00e9ficiaires s\u2019est d\u00e9roul\u00e9e en pr\u00e9sence de l\u2019adjoint au pr\u00e9fet du d\u00e9partement de Kaffrine, Modou Thiaw, des partenaires au d\u00e9veloppement et autres acteurs territoriaux.<\/p>\n\n\n\n<p>Selon le directeur de l\u2019orientation, de la formation et de l\u2019insertion des jeunes \u00e0 l\u2019ANPEJ, Matar Ndao, \u00ab ces jeunes entrepreneurs ont \u00e9t\u00e9 choisis dans diff\u00e9rents domaines d\u2019activit\u00e9s dont l\u2019agriculture, l\u2019\u00e9levage, la restauration, le num\u00e9rique, entre autres\u2019\u2019.<\/p>\n\n\n\n<p>Poursuivant son argumentaire, il ajoute que \u00ab plusieurs crit\u00e8res ont \u00e9t\u00e9 \u00e9tablis dans l\u2019octroi des financements au profit des jeunes entrepreneurs. La premi\u00e8re chose \u00e0 voir dans ces crit\u00e8res est de savoir si le jeune est en activit\u00e9 ou pas ? Ensuite, il doit avoir un projet viable, qui r\u00e9pond \u00e0 l\u2019actualit\u00e9 surtout dans des domaines plus productifs au niveau local\u2019\u2019.<\/p>\n\n\n\n<p>Il a pr\u00e9cis\u00e9 \u00e9galement que \u00ab des entretiens sont \u00e9galement r\u00e9alis\u00e9s pour permettre de d\u00e9finir le profil de la personne concern\u00e9e pour savoir si elle est ambitieuse ou pas. Une personne qui a la volont\u00e9 d\u2019entreprendre \u00bb, a-t-il soulign\u00e9. \u00ab On s\u2019int\u00e9resse \u00e0 tout ce qui tourne autour du d\u00e9veloppement personnel et du capital humain\u2019\u2019, a indiqu\u00e9 le responsable de l\u2019ANPEJ.<\/p>\n\n\n\n\n\n<p>Pour sa part, Lahine Ndao, un jeune entrepreneur qui fait partie des b\u00e9n\u00e9ficiaires, a salu\u00e9 la nouvelle d\u00e9marche de l\u2019ANPEJ visant \u00e0 appuyer les jeunes afin de\u00a0 d\u00e9velopper leurs activit\u00e9s.<\/p>\n\n\n\n<p><\/p>\n","protected":false},"excerpt":{"rendered":"<p>L\u2019Agence nationale pour la promotion de l\u2019emploi des jeunes<\/p>\n","protected":false},"author":1,"featured_media":3569,"comment_status":"open","ping_status":"open","sticky":false,"template":"","format":"standard","meta":{"footnotes":""},"categories":[13,4],"tags":[295,518,74,188,122,517],"class_list":["post-3568","post","type-post","status-publish","format-standard","has-post-thumbnail","hentry","category-a-la-une","category-pme-pmi","tag-anpej","tag-equipement","tag-financement","tag-jeune","tag-kaffrine","tag-kedougou"],"_links":{"self":[{"href":"https:\/\/sunuentreprise.sn\/index.php\/wp-json\/wp\/v2\/posts\/3568","targetHints":{"allow":["GET"]}}],"collection":[{"href":"https:\/\/sunuentreprise.sn\/index.php\/wp-json\/wp\/v2\/posts"}],"about":[{"href":"https:\/\/sunuentreprise.sn\/index.php\/wp-json\/wp\/v2\/types\/post"}],"author":[{"embeddable":true,"href":"https:\/\/sunuentreprise.sn\/index.php\/wp-json\/wp\/v2\/users\/1"}],"replies":[{"embeddable":true,"href":"https:\/\/sunuentreprise.sn\/index.php\/wp-json\/wp\/v2\/comments?post=3568"}],"version-history":[{"count":1,"href":"https:\/\/sunuentreprise.sn\/index.php\/wp-json\/wp\/v2\/posts\/3568\/revisions"}],"predecessor-version":[{"id":3570,"href":"https:\/\/sunuentreprise.sn\/index.php\/wp-json\/wp\/v2\/posts\/3568\/revisions\/3570"}],"wp:featuredmedia":[{"embeddable":true,"href":"https:\/\/sunuentreprise.sn\/index.php\/wp-json\/wp\/v2\/media\/3569"}],"wp:attachment":[{"href":"https:\/\/sunuentreprise.sn\/index.php\/wp-json\/wp\/v2\/media?parent=3568"}],"wp:term":[{"taxonomy":"category","embeddable":true,"href":"https:\/\/sunuentreprise.sn\/index.php\/wp-json\/wp\/v2\/categories?post=3568"},{"taxonomy":"post_tag","embeddable":true,"href":"https:\/\/sunuentreprise.sn\/index.php\/wp-json\/wp\/v2\/tags?post=3568"}],"curies":[{"name":"wp","href":"https:\/\/api.w.org\/{rel}","templated":true}]}}