{"id":3582,"date":"2024-12-24T16:43:07","date_gmt":"2024-12-24T15:43:07","guid":{"rendered":"https:\/\/sunuentreprise.sn\/?p=3582"},"modified":"2024-12-24T16:43:08","modified_gmt":"2024-12-24T15:43:08","slug":"financement-de-la-der-pres-dun-milliard-de-fcfa-pour-louverture-dofficines-de-pharmacie","status":"publish","type":"post","link":"https:\/\/sunuentreprise.sn\/index.php\/2024\/12\/24\/financement-de-la-der-pres-dun-milliard-de-fcfa-pour-louverture-dofficines-de-pharmacie\/","title":{"rendered":"Financement de la DER : Pr\u00e8s d\u2019un milliard de FCFA pour l\u2019ouverture d\u2019officines de pharmacie"},"content":{"rendered":"\n<p>La D\u00e9l\u00e9gation \u00e0 l\u2019entreprenariat rapide des jeunes et des femmes (Der \/Fj) a proc\u00e9d\u00e9 ce lundi 23 d\u00e9cembre \u00e0 la remise de financements d\u2019un montant de pr\u00e8s d\u2019un milliard de francs CFA \u00e0 98 jeunes dipl\u00f4m\u00e9s s\u00e9n\u00e9galais en pharmacie des 14 r\u00e9gions du S\u00e9n\u00e9gal. Ainsi, en corr\u00e9lation avec les ambitions nationales d\u00e9clin\u00e9es dans le plan quinquennal 2025-2029, la DER\/FJ a mobilis\u00e9 500 millions de Fcfa pour soutenir les acteurs du secteur de la sant\u00e9 pour plus d\u2019accessibilit\u00e9 et une am\u00e9lioration des produits et services dudit secteur.<\/p>\n\n\n<div class=\"wp-block-image\">\n<figure class=\"aligncenter size-large is-resized\"><img loading=\"lazy\" decoding=\"async\" width=\"732\" height=\"1024\" src=\"https:\/\/sunuentreprise.sn\/wp-content\/uploads\/2024\/12\/minis-sante-732x1024.jpg\" alt=\"\" class=\"wp-image-3584\" style=\"width:588px;height:auto\" srcset=\"https:\/\/sunuentreprise.sn\/wp-content\/uploads\/2024\/12\/minis-sante-732x1024.jpg 732w, https:\/\/sunuentreprise.sn\/wp-content\/uploads\/2024\/12\/minis-sante-214x300.jpg 214w, https:\/\/sunuentreprise.sn\/wp-content\/uploads\/2024\/12\/minis-sante-768x1075.jpg 768w, https:\/\/sunuentreprise.sn\/wp-content\/uploads\/2024\/12\/minis-sante-1097x1536.jpg 1097w, https:\/\/sunuentreprise.sn\/wp-content\/uploads\/2024\/12\/minis-sante.jpg 1463w\" sizes=\"auto, (max-width: 732px) 100vw, 732px\" \/><\/figure>\n<\/div>\n\n\n<p>La c\u00e9r\u00e9monie de lancement du programme de financement des officines pour jeunes pharmaciens a \u00e9t\u00e9 co- pr\u00e9sid\u00e9e par Dr Aissatou Mbodj, D\u00e9l\u00e9gu\u00e9 g\u00e9n\u00e9ral de la DER\/FJ et Dr. Ibrahima Sy, Ministre de la Sant\u00e9 et de l\u2019Action sociale. Cet \u00e9v\u00e9nement a \u00e9galement vu la pr\u00e9sence de plusieurs acteurs cl\u00e9s notamment les b\u00e9n\u00e9ficiaires, les partenaires institutionnels et les repr\u00e9sentants du secteur de la sant\u00e9 tels que l\u2019Union des Jeunes Pharmaciens du S\u00e9n\u00e9gal (UJPS) et l\u2019Agence de R\u00e9glementation Pharmaceutique (ARP).<\/p>\n\n\n\n<p>\u00ab Avec un financement global d\u2019un milliard de FCFA, les 14 r\u00e9gions ont \u00e9t\u00e9 touch\u00e9es et m\u00eame des communes \u00e9loign\u00e9es telles que Bandafassi, Bokoudialob\u00e9, K\u00e9r\u00e9wane [\u2026] \u00bb, a d\u00e9clar\u00e9 la D\u00e9l\u00e9gu\u00e9e g\u00e9n\u00e9rale \u00e0 l\u2019entreprenariat rapide des femmes et des jeunes, A\u00efssatou Mbodj.<\/p>\n\n\n\n<p>Poursuivant son argumentaire Mme Mbodj ajoute que : \u00ab ce programme consiste \u00e0 faciliter l\u2019acc\u00e8s au cr\u00e9dit pour la cr\u00e9ation de nouvelles officines permettant ainsi aux jeunes pharmaciens de s\u2019\u00e9tablir et de contribuer activement au syst\u00e8me de sant\u00e9 national.<br>Il permettra aussi de \u2018\u2019renforcer\u2019\u2019 le secteur de la sant\u00e9 en augmentant le nombre de points de vente de m\u00e9dicaments de qualit\u00e9 assurant ainsi une meilleure couverture sanitaire pour les populations\u00a0\u00bb.<\/p>\n\n\n\n<p>Ce programme sert aussi \u00e0 \u2018\u2019promouvoir\u2019\u2019 l\u2019\u00e9quit\u00e9 territoriale en encourageant l\u2019implantation d\u2019officines dans les zones sous desservies, a fait savoir A\u00efssatou Mbodj.<br>Elle a encourag\u00e9 les b\u00e9n\u00e9ficiaires, dont 36 femmes et 62 hommes, \u00e0 \u2018\u2019saisir cette opportunit\u00e9 pour r\u00e9aliser leurs projets, participer \u00e0 l\u2019am\u00e9lioration du syst\u00e8me de sant\u00e9 et contribuer au d\u00e9veloppement \u00e9conomique et social du S\u00e9n\u00e9gal\u2019\u2019<\/p>\n\n\n<div class=\"wp-block-image\">\n<figure class=\"aligncenter size-large is-resized\"><img loading=\"lazy\" decoding=\"async\" width=\"732\" height=\"1024\" src=\"https:\/\/sunuentreprise.sn\/wp-content\/uploads\/2024\/12\/der-732x1024.jpg\" alt=\"\" class=\"wp-image-3585\" style=\"width:681px;height:auto\" srcset=\"https:\/\/sunuentreprise.sn\/wp-content\/uploads\/2024\/12\/der-732x1024.jpg 732w, https:\/\/sunuentreprise.sn\/wp-content\/uploads\/2024\/12\/der-214x300.jpg 214w, https:\/\/sunuentreprise.sn\/wp-content\/uploads\/2024\/12\/der-768x1075.jpg 768w, https:\/\/sunuentreprise.sn\/wp-content\/uploads\/2024\/12\/der-1097x1536.jpg 1097w, https:\/\/sunuentreprise.sn\/wp-content\/uploads\/2024\/12\/der.jpg 1463w\" sizes=\"auto, (max-width: 732px) 100vw, 732px\" \/><\/figure>\n<\/div>\n\n\n<p>Le coordonnateur du Salon international du m\u00e9dicament, des dispositifs m\u00e9dicaux et de la parapharmacie de Dakar (SENPHARMA), Dr Samba Dram\u00e9 a pour sa part soulign\u00e9 que ce financement permet de cr\u00e9er \u00ab en moyenne 800 emplois pour permettre aux s\u00e9n\u00e9galais l\u2019acc\u00e8s \u00e0 des m\u00e9dicaments de qualit\u00e9 \u00bb.<br>A ce titre, il a exhort\u00e9 les jeunes b\u00e9n\u00e9ficiaires \u00e0 respecter leurs engagements en vue d&rsquo;assurer la p\u00e9rennisation des financements de la DER.<\/p>\n\n\n<div class=\"wp-block-image\">\n<figure class=\"aligncenter size-large is-resized\"><img loading=\"lazy\" decoding=\"async\" width=\"732\" height=\"1024\" src=\"https:\/\/sunuentreprise.sn\/wp-content\/uploads\/2024\/12\/der-1-732x1024.jpg\" alt=\"\" class=\"wp-image-3586\" style=\"width:589px;height:auto\" srcset=\"https:\/\/sunuentreprise.sn\/wp-content\/uploads\/2024\/12\/der-1-732x1024.jpg 732w, https:\/\/sunuentreprise.sn\/wp-content\/uploads\/2024\/12\/der-1-214x300.jpg 214w, https:\/\/sunuentreprise.sn\/wp-content\/uploads\/2024\/12\/der-1-768x1075.jpg 768w, https:\/\/sunuentreprise.sn\/wp-content\/uploads\/2024\/12\/der-1-1097x1536.jpg 1097w, https:\/\/sunuentreprise.sn\/wp-content\/uploads\/2024\/12\/der-1.jpg 1463w\" sizes=\"auto, (max-width: 732px) 100vw, 732px\" \/><\/figure>\n<\/div>\n\n\n<p>Le pr\u00e9sident de l\u2019Union des jeunes pharmaciens du S\u00e9n\u00e9gal (Ujps), Falla Man\u00e9 a quant \u00e0 lui appel\u00e9 ses camarades \u00e0 \u00eatre \u2018\u2019sans reproche\u2019\u2019 pour permettre \u00e0 la DER de continuer \u00e0 financer les projets des pharmacies.<\/p>\n","protected":false},"excerpt":{"rendered":"<p>La D\u00e9l\u00e9gation \u00e0 l\u2019entreprenariat rapide des jeunes et des<\/p>\n","protected":false},"author":1,"featured_media":3583,"comment_status":"open","ping_status":"open","sticky":false,"template":"","format":"standard","meta":{"footnotes":""},"categories":[13,53],"tags":[265,74,526,525,527],"class_list":["post-3582","post","type-post","status-publish","format-standard","has-post-thumbnail","hentry","category-a-la-une","category-actualites","tag-der","tag-financement","tag-officine-de-pharmacies","tag-ouverture","tag-sante"],"_links":{"self":[{"href":"https:\/\/sunuentreprise.sn\/index.php\/wp-json\/wp\/v2\/posts\/3582","targetHints":{"allow":["GET"]}}],"collection":[{"href":"https:\/\/sunuentreprise.sn\/index.php\/wp-json\/wp\/v2\/posts"}],"about":[{"href":"https:\/\/sunuentreprise.sn\/index.php\/wp-json\/wp\/v2\/types\/post"}],"author":[{"embeddable":true,"href":"https:\/\/sunuentreprise.sn\/index.php\/wp-json\/wp\/v2\/users\/1"}],"replies":[{"embeddable":true,"href":"https:\/\/sunuentreprise.sn\/index.php\/wp-json\/wp\/v2\/comments?post=3582"}],"version-history":[{"count":1,"href":"https:\/\/sunuentreprise.sn\/index.php\/wp-json\/wp\/v2\/posts\/3582\/revisions"}],"predecessor-version":[{"id":3587,"href":"https:\/\/sunuentreprise.sn\/index.php\/wp-json\/wp\/v2\/posts\/3582\/revisions\/3587"}],"wp:featuredmedia":[{"embeddable":true,"href":"https:\/\/sunuentreprise.sn\/index.php\/wp-json\/wp\/v2\/media\/3583"}],"wp:attachment":[{"href":"https:\/\/sunuentreprise.sn\/index.php\/wp-json\/wp\/v2\/media?parent=3582"}],"wp:term":[{"taxonomy":"category","embeddable":true,"href":"https:\/\/sunuentreprise.sn\/index.php\/wp-json\/wp\/v2\/categories?post=3582"},{"taxonomy":"post_tag","embeddable":true,"href":"https:\/\/sunuentreprise.sn\/index.php\/wp-json\/wp\/v2\/tags?post=3582"}],"curies":[{"name":"wp","href":"https:\/\/api.w.org\/{rel}","templated":true}]}}